{"id":5087,"date":"2016-05-13T01:23:59","date_gmt":"2016-05-12T23:23:59","guid":{"rendered":"http:\/\/www.asnia.es\/?p=5087"},"modified":"2016-12-06T14:19:47","modified_gmt":"2016-12-06T13:19:47","slug":"espanoles-en-el-mundo-y-en-chernobyl-tambien","status":"publish","type":"post","link":"https:\/\/www.asnia.es\/?p=5087","title":{"rendered":"Espa\u00f1oles en el mundo&#8230;.y en Chernobyl tambi\u00e9n!!!!"},"content":{"rendered":"<h1 style=\"text-align: justify;\">Vallisoletanos en el entierro de Chern\u00f3bil<\/h1>\n<ul class=\"unstyled subhead\">\n<li>\n<h2 style=\"text-align: left;\">Cuatro gruistas de la empresa Tinlohi, con sede en La Cist\u00e9rniga, trabajan en la construcci\u00f3n del gran sarc\u00f3fago de la central nuclear ucraniana<\/h2>\n<p>ARTICULO&nbsp;<a href=\"http:\/\/www.elnortedecastilla.es\/valladolid\/201605\/07\/vallisoletanos-entierro-chernobil-20160506133732.html?ns_campaign=WC_MS&amp;ns_source=BT&amp;ns_linkname=Scroll&amp;ns_fee=0&amp;ns_mchannel=FB\">http:\/\/www.elnortedecastilla.es\/valladolid\/201605\/07\/vallisoletanos-entierro-chernobil-20160506133732.html?ns_campaign=WC_MS&amp;ns_source=BT&amp;ns_linkname=Scroll&amp;ns_fee=0&amp;ns_mchannel=FB<\/a><\/li>\n<\/ul>\n","protected":false},"excerpt":{"rendered":"<p>Vallisoletanos en el entierro de Chern\u00f3bil Cuatro gruistas de la empresa Tinlohi, con sede en La Cist\u00e9rniga, trabajan en la construcci\u00f3n del gran sarc\u00f3fago de la central nuclear ucraniana ARTICULO&nbsp;http:\/\/www.elnortedecastilla.es\/valladolid\/201605\/07\/vallisoletanos-entierro-chernobil-20160506133732.html?ns_campaign=WC_MS&amp;ns_source=BT&amp;ns_linkname=Scroll&amp;ns_fee=0&amp;ns_mchannel=FB<\/p>\n","protected":false},"author":1,"featured_media":0,"comment_status":"open","ping_status":"open","sticky":false,"template":"","format":"standard","meta":{"ngg_post_thumbnail":0,"footnotes":""},"categories":[1,22,23],"tags":[],"class_list":["post-5087","post","type-post","status-publish","format-standard","hentry","category-general","category-noticias-exposiciones-y-documentales","category-programas-escolarizacion-menores","item-wrap"],"_links":{"self":[{"href":"https:\/\/www.asnia.es\/index.php?rest_route=\/wp\/v2\/posts\/5087","targetHints":{"allow":["GET"]}}],"collection":[{"href":"https:\/\/www.asnia.es\/index.php?rest_route=\/wp\/v2\/posts"}],"about":[{"href":"https:\/\/www.asnia.es\/index.php?rest_route=\/wp\/v2\/types\/post"}],"author":[{"embeddable":true,"href":"https:\/\/www.asnia.es\/index.php?rest_route=\/wp\/v2\/users\/1"}],"replies":[{"embeddable":true,"href":"https:\/\/www.asnia.es\/index.php?rest_route=%2Fwp%2Fv2%2Fcomments&post=5087"}],"version-history":[{"count":2,"href":"https:\/\/www.asnia.es\/index.php?rest_route=\/wp\/v2\/posts\/5087\/revisions"}],"predecessor-version":[{"id":5409,"href":"https:\/\/www.asnia.es\/index.php?rest_route=\/wp\/v2\/posts\/5087\/revisions\/5409"}],"wp:attachment":[{"href":"https:\/\/www.asnia.es\/index.php?rest_route=%2Fwp%2Fv2%2Fmedia&parent=5087"}],"wp:term":[{"taxonomy":"category","embeddable":true,"href":"https:\/\/www.asnia.es\/index.php?rest_route=%2Fwp%2Fv2%2Fcategories&post=5087"},{"taxonomy":"post_tag","embeddable":true,"href":"https:\/\/www.asnia.es\/index.php?rest_route=%2Fwp%2Fv2%2Ftags&post=5087"}],"curies":[{"name":"wp","href":"https:\/\/api.w.org\/{rel}","templated":true}]}}