{"id":5058,"date":"2016-04-28T00:36:08","date_gmt":"2016-04-27T22:36:08","guid":{"rendered":"http:\/\/www.asnia.es\/?p=5058"},"modified":"2016-12-06T14:18:20","modified_gmt":"2016-12-06T13:18:20","slug":"la-radiacion-de-chernobyl-sigue-presente-en-bielorrusia","status":"publish","type":"post","link":"https:\/\/www.asnia.es\/?p=5058","title":{"rendered":"La radiaci\u00f3n  de Chernobyl sigue presente en Bielorrusia"},"content":{"rendered":"<p style=\"text-align: justify;\">El gobierno autoritario de este pa\u00eds agr\u00edcola parece decidido a volver a poner en uso tierras de labor que llevan tiempo inutilizadas, y en un pa\u00eds donde se aplasta la disidencia, cualquier objeci\u00f3n a la iniciativa es sutil.<\/p>\n<p style=\"text-align: justify;\">\u00abTenemos un desastre\u00bb, dijo a AP en la capital ucraniana, Kiev. \u00abEn Bielorrusia, no hay protecci\u00f3n de la poblaci\u00f3n ante la exposici\u00f3n a la radiaci\u00f3n. Al contrario, el gobierno intenta convencer a la gente de que no preste atenci\u00f3n a la radiaci\u00f3n, y se cultiva comida en zonas contaminadas y se env\u00eda a todo el pais\u00bb<\/p>\n<p style=\"text-align: justify;\"><a href=\"http:\/\/www.jornada.unam.mx\/ultimas\/2016\/04\/25\/radiacion-de-chernobil-sigue-presente-en-bielorrusia\">http:\/\/www.jornada.unam.mx\/ultimas\/2016\/04\/25\/radiacion-de-chernobil-sigue-presente-en-bielorrusia<\/a><\/p>\n<p style=\"text-align: justify;\">&nbsp;<\/p>\n","protected":false},"excerpt":{"rendered":"<p>El gobierno autoritario de este pa\u00eds agr\u00edcola parece decidido a volver a poner en uso tierras de labor que llevan tiempo inutilizadas, y en un pa\u00eds donde se aplasta la disidencia, cualquier objeci\u00f3n a la iniciativa es sutil. \u00abTenemos un desastre\u00bb, dijo a AP en la capital ucraniana, Kiev. \u00abEn Bielorrusia, no hay protecci\u00f3n de &hellip; <\/p>\n<p><a class=\"more-link btn\" href=\"https:\/\/www.asnia.es\/?p=5058\">Seguir leyendo<\/a><\/p>\n","protected":false},"author":1,"featured_media":0,"comment_status":"open","ping_status":"open","sticky":false,"template":"","format":"standard","meta":{"ngg_post_thumbnail":0,"footnotes":""},"categories":[1,22,23],"tags":[],"class_list":["post-5058","post","type-post","status-publish","format-standard","hentry","category-general","category-noticias-exposiciones-y-documentales","category-programas-escolarizacion-menores","item-wrap"],"_links":{"self":[{"href":"https:\/\/www.asnia.es\/index.php?rest_route=\/wp\/v2\/posts\/5058","targetHints":{"allow":["GET"]}}],"collection":[{"href":"https:\/\/www.asnia.es\/index.php?rest_route=\/wp\/v2\/posts"}],"about":[{"href":"https:\/\/www.asnia.es\/index.php?rest_route=\/wp\/v2\/types\/post"}],"author":[{"embeddable":true,"href":"https:\/\/www.asnia.es\/index.php?rest_route=\/wp\/v2\/users\/1"}],"replies":[{"embeddable":true,"href":"https:\/\/www.asnia.es\/index.php?rest_route=%2Fwp%2Fv2%2Fcomments&post=5058"}],"version-history":[{"count":5,"href":"https:\/\/www.asnia.es\/index.php?rest_route=\/wp\/v2\/posts\/5058\/revisions"}],"predecessor-version":[{"id":5407,"href":"https:\/\/www.asnia.es\/index.php?rest_route=\/wp\/v2\/posts\/5058\/revisions\/5407"}],"wp:attachment":[{"href":"https:\/\/www.asnia.es\/index.php?rest_route=%2Fwp%2Fv2%2Fmedia&parent=5058"}],"wp:term":[{"taxonomy":"category","embeddable":true,"href":"https:\/\/www.asnia.es\/index.php?rest_route=%2Fwp%2Fv2%2Fcategories&post=5058"},{"taxonomy":"post_tag","embeddable":true,"href":"https:\/\/www.asnia.es\/index.php?rest_route=%2Fwp%2Fv2%2Ftags&post=5058"}],"curies":[{"name":"wp","href":"https:\/\/api.w.org\/{rel}","templated":true}]}}