{"id":5054,"date":"2016-04-26T00:29:49","date_gmt":"2016-04-25T22:29:49","guid":{"rendered":"http:\/\/www.asnia.es\/?p=5054"},"modified":"2016-12-06T14:20:46","modified_gmt":"2016-12-06T13:20:46","slug":"chernobyl-la-vida-en-pausa","status":"publish","type":"post","link":"https:\/\/www.asnia.es\/?p=5054","title":{"rendered":"Chernobyl, la vida en pausa"},"content":{"rendered":"<p><a href=\"http:\/\/www.asnia.es\/wp-content\/uploads\/2016\/05\/image-5.jpeg\"><img loading=\"lazy\" decoding=\"async\" class=\"aligncenter size-full wp-image-5053\" src=\"http:\/\/www.asnia.es\/wp-content\/uploads\/2016\/05\/image-5.jpeg\" alt=\"image\" width=\"614\" height=\"346\" srcset=\"https:\/\/www.asnia.es\/wp-content\/uploads\/2016\/05\/image-5.jpeg 614w, https:\/\/www.asnia.es\/wp-content\/uploads\/2016\/05\/image-5-300x169.jpeg 300w\" sizes=\"auto, (max-width: 614px) 100vw, 614px\" \/><\/a><\/p>\n<p>Los efectos de la radiactividad situaron hace 30 a\u00f1os a Chern\u00f3bil en el mapa. Tres d\u00e9cadas despu\u00e9s, a la contaminaci\u00f3n se le une una terrible situaci\u00f3n econ\u00f3mica que hunde a la poblaci\u00f3n en un c\u00edrculo de derrotismo.<\/p>\n<p><a href=\"http:\/\/m.noticiasdegipuzkoa.com\/2016\/04\/26\/mundo\/chernobil-la-vida-en-pausa\">http:\/\/m.noticiasdegipuzkoa.com\/2016\/04\/26\/mundo\/chernobil-la-vida-en-pausa<\/a><\/p>\n","protected":false},"excerpt":{"rendered":"<p>Los efectos de la radiactividad situaron hace 30 a\u00f1os a Chern\u00f3bil en el mapa. Tres d\u00e9cadas despu\u00e9s, a la contaminaci\u00f3n se le une una terrible situaci\u00f3n econ\u00f3mica que hunde a la poblaci\u00f3n en un c\u00edrculo de derrotismo. http:\/\/m.noticiasdegipuzkoa.com\/2016\/04\/26\/mundo\/chernobil-la-vida-en-pausa<\/p>\n","protected":false},"author":1,"featured_media":0,"comment_status":"open","ping_status":"open","sticky":false,"template":"","format":"standard","meta":{"ngg_post_thumbnail":0,"footnotes":""},"categories":[1,22,23],"tags":[],"class_list":["post-5054","post","type-post","status-publish","format-standard","hentry","category-general","category-noticias-exposiciones-y-documentales","category-programas-escolarizacion-menores","item-wrap"],"_links":{"self":[{"href":"https:\/\/www.asnia.es\/index.php?rest_route=\/wp\/v2\/posts\/5054","targetHints":{"allow":["GET"]}}],"collection":[{"href":"https:\/\/www.asnia.es\/index.php?rest_route=\/wp\/v2\/posts"}],"about":[{"href":"https:\/\/www.asnia.es\/index.php?rest_route=\/wp\/v2\/types\/post"}],"author":[{"embeddable":true,"href":"https:\/\/www.asnia.es\/index.php?rest_route=\/wp\/v2\/users\/1"}],"replies":[{"embeddable":true,"href":"https:\/\/www.asnia.es\/index.php?rest_route=%2Fwp%2Fv2%2Fcomments&post=5054"}],"version-history":[{"count":2,"href":"https:\/\/www.asnia.es\/index.php?rest_route=\/wp\/v2\/posts\/5054\/revisions"}],"predecessor-version":[{"id":5410,"href":"https:\/\/www.asnia.es\/index.php?rest_route=\/wp\/v2\/posts\/5054\/revisions\/5410"}],"wp:attachment":[{"href":"https:\/\/www.asnia.es\/index.php?rest_route=%2Fwp%2Fv2%2Fmedia&parent=5054"}],"wp:term":[{"taxonomy":"category","embeddable":true,"href":"https:\/\/www.asnia.es\/index.php?rest_route=%2Fwp%2Fv2%2Fcategories&post=5054"},{"taxonomy":"post_tag","embeddable":true,"href":"https:\/\/www.asnia.es\/index.php?rest_route=%2Fwp%2Fv2%2Ftags&post=5054"}],"curies":[{"name":"wp","href":"https:\/\/api.w.org\/{rel}","templated":true}]}}