{"id":5048,"date":"2016-04-26T00:26:28","date_gmt":"2016-04-25T22:26:28","guid":{"rendered":"http:\/\/www.asnia.es\/?p=5048"},"modified":"2016-12-06T14:21:40","modified_gmt":"2016-12-06T13:21:40","slug":"donacion-en-el-30-aniversrio-de-chernobyl","status":"publish","type":"post","link":"https:\/\/www.asnia.es\/?p=5048","title":{"rendered":"Donaci\u00f3n en el 30 Aniversrio de Chernobyl"},"content":{"rendered":"<p style=\"text-align: justify;\"><a href=\"http:\/\/www.asnia.es\/wp-content\/uploads\/2016\/05\/image-4.jpeg\"><img loading=\"lazy\" decoding=\"async\" class=\"aligncenter size-full wp-image-5049\" src=\"http:\/\/www.asnia.es\/wp-content\/uploads\/2016\/05\/image-4.jpeg\" alt=\"image\" width=\"667\" height=\"386\" srcset=\"https:\/\/www.asnia.es\/wp-content\/uploads\/2016\/05\/image-4.jpeg 667w, https:\/\/www.asnia.es\/wp-content\/uploads\/2016\/05\/image-4-300x174.jpeg 300w\" sizes=\"auto, (max-width: 667px) 100vw, 667px\" \/><\/a><\/p>\n<p style=\"text-align: justify;\">Estados Unidos conmemor\u00f3 hoy el 30 aniversario del peor accidente nuclear de la historia, la explosi\u00f3n en la central de Chern\u00f3bil (Ucrania) en 1986, con el anuncio de que conceder\u00e1 otros 10 millones de d\u00f3lares para ayudar a garantizar la seguridad y la salud de la poblaci\u00f3n que reside en el \u00e1rea.<\/p>\n<p style=\"text-align: justify;\"><a href=\"http:\/\/www.tvn-2.com\/mundo\/eu\/Donan-millones-Chernobil-aniversario-desastre_0_4468803178.html\">http:\/\/www.tvn-2.com\/mundo\/eu\/Donan-millones-Chernobil-aniversario-desastre_0_4468803178.html<\/a><\/p>\n","protected":false},"excerpt":{"rendered":"<p>Estados Unidos conmemor\u00f3 hoy el 30 aniversario del peor accidente nuclear de la historia, la explosi\u00f3n en la central de Chern\u00f3bil (Ucrania) en 1986, con el anuncio de que conceder\u00e1 otros 10 millones de d\u00f3lares para ayudar a garantizar la seguridad y la salud de la poblaci\u00f3n que reside en el \u00e1rea. http:\/\/www.tvn-2.com\/mundo\/eu\/Donan-millones-Chernobil-aniversario-desastre_0_4468803178.html<\/p>\n","protected":false},"author":1,"featured_media":0,"comment_status":"open","ping_status":"open","sticky":false,"template":"","format":"standard","meta":{"ngg_post_thumbnail":0,"footnotes":""},"categories":[1,22,23],"tags":[],"class_list":["post-5048","post","type-post","status-publish","format-standard","hentry","category-general","category-noticias-exposiciones-y-documentales","category-programas-escolarizacion-menores","item-wrap"],"_links":{"self":[{"href":"https:\/\/www.asnia.es\/index.php?rest_route=\/wp\/v2\/posts\/5048","targetHints":{"allow":["GET"]}}],"collection":[{"href":"https:\/\/www.asnia.es\/index.php?rest_route=\/wp\/v2\/posts"}],"about":[{"href":"https:\/\/www.asnia.es\/index.php?rest_route=\/wp\/v2\/types\/post"}],"author":[{"embeddable":true,"href":"https:\/\/www.asnia.es\/index.php?rest_route=\/wp\/v2\/users\/1"}],"replies":[{"embeddable":true,"href":"https:\/\/www.asnia.es\/index.php?rest_route=%2Fwp%2Fv2%2Fcomments&post=5048"}],"version-history":[{"count":2,"href":"https:\/\/www.asnia.es\/index.php?rest_route=\/wp\/v2\/posts\/5048\/revisions"}],"predecessor-version":[{"id":5411,"href":"https:\/\/www.asnia.es\/index.php?rest_route=\/wp\/v2\/posts\/5048\/revisions\/5411"}],"wp:attachment":[{"href":"https:\/\/www.asnia.es\/index.php?rest_route=%2Fwp%2Fv2%2Fmedia&parent=5048"}],"wp:term":[{"taxonomy":"category","embeddable":true,"href":"https:\/\/www.asnia.es\/index.php?rest_route=%2Fwp%2Fv2%2Fcategories&post=5048"},{"taxonomy":"post_tag","embeddable":true,"href":"https:\/\/www.asnia.es\/index.php?rest_route=%2Fwp%2Fv2%2Ftags&post=5048"}],"curies":[{"name":"wp","href":"https:\/\/api.w.org\/{rel}","templated":true}]}}