{"id":4919,"date":"2016-03-14T15:30:12","date_gmt":"2016-03-14T13:30:12","guid":{"rendered":"http:\/\/www.asnia.es\/?p=4919"},"modified":"2016-03-14T15:31:32","modified_gmt":"2016-03-14T13:31:32","slug":"4919","status":"publish","type":"post","link":"https:\/\/www.asnia.es\/?p=4919","title":{"rendered":"PROGRAMA 2016 &#8211; CERRADA LISTAS"},"content":{"rendered":"<p style=\"text-align: justify;\"><a href=\"http:\/\/www.asnia.es\/wp-content\/uploads\/2016\/03\/IMG_2287.jpg\" rel=\"attachment wp-att-4920\"><img loading=\"lazy\" decoding=\"async\" class=\"aligncenter size-full wp-image-4920\" src=\"http:\/\/www.asnia.es\/wp-content\/uploads\/2016\/03\/IMG_2287.jpg\" alt=\"IMG_2287\" width=\"1600\" height=\"899\" srcset=\"https:\/\/www.asnia.es\/wp-content\/uploads\/2016\/03\/IMG_2287.jpg 1600w, https:\/\/www.asnia.es\/wp-content\/uploads\/2016\/03\/IMG_2287-300x169.jpg 300w, https:\/\/www.asnia.es\/wp-content\/uploads\/2016\/03\/IMG_2287-768x432.jpg 768w, https:\/\/www.asnia.es\/wp-content\/uploads\/2016\/03\/IMG_2287-1024x575.jpg 1024w\" sizes=\"auto, (max-width: 1600px) 100vw, 1600px\" \/><\/a><br \/>\nCompartimos con vosotr@s una grata noticia. De la Jornada y Accion de Sensibilizaci\u00f3n en Paymogo, celebrada el pasado viernes, tenemos la alegria de incorporar dos familias mas a nuestro programa y por consiguiente dos ni\u00f1@s mas que tienen la oportunidad de salir a Espa\u00f1a en Programa de Sanaci\u00f3n. Este programa desplazamos a un total de 23 menores, 10 salieron del programa comun el pasado a\u00f1o por cumplir la <span class=\"text_exposed_show\">edad y ser este a\u00f1o pre-universitarios, pero por otra parte tenemos la alegria de contar con 6 nuevas incorporaciones.<br \/>\nEste a\u00f1o vamos a intentar comenzar a trabajar sobre una zona, donde segun el Instituto Belrad nos comunico en nuestro reciente viaje a Bielorrusia, la infancia presenta los mayores niveles de radiaci\u00f3n de Bielorrusia. No salen ni\u00f1@os a Espa\u00f1a deste NAROWLYA, esperemos que Asnia abra esta nueva puerta para los ni\u00f1os de esa localidad situada casi dentro de anillo de exclusi\u00f3n de Chernobil.<br \/>\nDETRAS DE CADA LOGRO, HAY OTRO DESAFIO!!!<\/span><\/p>\n","protected":false},"excerpt":{"rendered":"<p>Compartimos con vosotr@s una grata noticia. De la Jornada y Accion de Sensibilizaci\u00f3n en Paymogo, celebrada el pasado viernes, tenemos la alegria de incorporar dos familias mas a nuestro programa y por consiguiente dos ni\u00f1@s mas que tienen la oportunidad de salir a Espa\u00f1a en Programa de Sanaci\u00f3n. Este programa desplazamos a un total de &hellip; <\/p>\n<p><a class=\"more-link btn\" href=\"https:\/\/www.asnia.es\/?p=4919\">Seguir leyendo<\/a><\/p>\n","protected":false},"author":1,"featured_media":0,"comment_status":"open","ping_status":"open","sticky":false,"template":"","format":"standard","meta":{"ngg_post_thumbnail":0,"footnotes":""},"categories":[1,25],"tags":[],"class_list":["post-4919","post","type-post","status-publish","format-standard","hentry","category-general","category-programa-2016","item-wrap"],"_links":{"self":[{"href":"https:\/\/www.asnia.es\/index.php?rest_route=\/wp\/v2\/posts\/4919","targetHints":{"allow":["GET"]}}],"collection":[{"href":"https:\/\/www.asnia.es\/index.php?rest_route=\/wp\/v2\/posts"}],"about":[{"href":"https:\/\/www.asnia.es\/index.php?rest_route=\/wp\/v2\/types\/post"}],"author":[{"embeddable":true,"href":"https:\/\/www.asnia.es\/index.php?rest_route=\/wp\/v2\/users\/1"}],"replies":[{"embeddable":true,"href":"https:\/\/www.asnia.es\/index.php?rest_route=%2Fwp%2Fv2%2Fcomments&post=4919"}],"version-history":[{"count":3,"href":"https:\/\/www.asnia.es\/index.php?rest_route=\/wp\/v2\/posts\/4919\/revisions"}],"predecessor-version":[{"id":4923,"href":"https:\/\/www.asnia.es\/index.php?rest_route=\/wp\/v2\/posts\/4919\/revisions\/4923"}],"wp:attachment":[{"href":"https:\/\/www.asnia.es\/index.php?rest_route=%2Fwp%2Fv2%2Fmedia&parent=4919"}],"wp:term":[{"taxonomy":"category","embeddable":true,"href":"https:\/\/www.asnia.es\/index.php?rest_route=%2Fwp%2Fv2%2Fcategories&post=4919"},{"taxonomy":"post_tag","embeddable":true,"href":"https:\/\/www.asnia.es\/index.php?rest_route=%2Fwp%2Fv2%2Ftags&post=4919"}],"curies":[{"name":"wp","href":"https:\/\/api.w.org\/{rel}","templated":true}]}}