{"id":4910,"date":"2016-03-09T15:32:40","date_gmt":"2016-03-09T13:32:40","guid":{"rendered":"http:\/\/www.asnia.es\/?p=4910"},"modified":"2016-03-09T15:40:27","modified_gmt":"2016-03-09T13:40:27","slug":"bielorrusia-2016-3-decadas-despues-chernobil","status":"publish","type":"post","link":"https:\/\/www.asnia.es\/?p=4910","title":{"rendered":"BIELORRUSIA 2016 &#8211; 3 DECADAS DESPUES, CHERNOBIL."},"content":{"rendered":"<p style=\"text-align: justify;\">Voy a dejar en esta entrada a traves de los enlaces a nuestro facebook, un breve diario de nuestro viaje a Bielorrusia, en este a\u00f1o tan especial en el que celebramos el 30 Aniversario de la Catastrofe y 5 de Fukushima, no hay que olvidarlo. Tambien coincide con la presentaci\u00f3n de la Candidatura por parte de Fedasib a los Premios Princesa de Asturias a la Concordia 2016 para los Liquidadores de Chernobil. Durante nuestro circuito, en el que se ha visitado todos los proyectos que las Asociaciones Espa\u00f1olas llevan realizando en terr<span class=\"text_exposed_show\">itorio bielorruso, nos han acompa\u00f1ado dos profesionales de la fotografia-documental, video y sonido, como son Raul Moreno y Bruno Lopez, realizando un gran proyecto que vera la luz el proximo mes de Abril durante la clausura de la Semana de Acci\u00f3n Europea 2016 en Espa\u00f1a. Un trabajo que generosamente han puesto a disposici\u00f3n de la Federaci\u00f3n para que se pueda contar la historia a la poblacion civil a partir de personas y momentos vividos durante nuestro recorrido por el interior de Bielorrusia y que reflejan el legado que 3 decadas despues sufren los pueblos afectados por la compa\u00f1ia de un Enemigo Invisible, CHERNOBIL.<br \/>\nLas imagenes seran solo representativas de algunos (de los muchos) lugares e instituciones visitadas, pero por supuesto respetando mucho la privacidad de los perfiles de los menores con los que hemos compartido esos momentos en determinadas instituciones, orfanatos, hospitales, escuelas&#8230;etc. de los cuales no ofreceremos imagenes.<\/span><\/p>\n<p style=\"text-align: justify;\"><a href=\"https:\/\/www.facebook.com\/photo.php?fbid=10208839498562987&amp;set=pcb.10208839539844019&amp;type=3&amp;theater\">CASA DEL NI\u00d1O EN VITEBSK\u00a0<\/a><\/p>\n<p style=\"text-align: justify;\"><a href=\"https:\/\/www.facebook.com\/photo.php?fbid=10208839555604413&amp;set=pcb.10208839569164752&amp;type=3&amp;theater\">20 DE FEBRERO &#8211; ORFANATO DE MENORES CON DEFICIENCIAS PSIQUICAS DE ROGACHOV<\/a><\/p>\n<p style=\"text-align: justify;\"><a href=\"https:\/\/www.facebook.com\/photo.php?fbid=10208839624886145&amp;set=pcb.10208839663807118&amp;type=3&amp;theater\">21 DE FEBRERO &#8211; En cuarentena el Hospital oncologico de Gomel. No fue posible la visita.<\/a><br \/>\n<a href=\"https:\/\/www.facebook.com\/photo.php?fbid=10208839624886145&amp;set=pcb.10208839663807118&amp;type=3&amp;theater\">VISITA A LA ESCUELA INTERNADO DE KOSTIUKOVSKA<\/a><\/p>\n<p style=\"text-align: justify;\"><a href=\"https:\/\/www.facebook.com\/photo.php?fbid=10208839683207603&amp;set=pcb.10208839714208378&amp;type=3&amp;theater\">21 DE FEBRERO EN LA TARDE, ZONA DE EXCLUSION, entrada desde DROBRUSH.<\/a><\/p>\n<p style=\"text-align: justify;\"><a href=\"https:\/\/www.facebook.com\/photo.php?fbid=10208839731048799&amp;set=pcb.10208839762849594&amp;type=3&amp;theater\">22 DE FEBRERO, NAROVLIA, IVAN SAVREY \u00abNACIDO DOS VECES\u00bb<\/a><\/p>\n<p style=\"text-align: justify;\"><a href=\"https:\/\/www.facebook.com\/photo.php?fbid=10208839832371332&amp;set=pcb.10208839840211528&amp;type=3&amp;theater\">22 DE FEBRERO, GRIDNEV &#8211; MICHEL BONDAR Y RETORNADOS.<\/a><\/p>\n<p style=\"text-align: justify;\"><a href=\"https:\/\/www.facebook.com\/photo.php?fbid=10208839855971922&amp;set=pcb.10208839876292430&amp;type=3&amp;theater\">23 DE FEBRERO &#8211; HOSPITAL DE ONCOLOGIA Y HEMATOLOGIA INFANTIL DE BOROVGLIANY &#8211; PROYECTO INTERNACIONAL NIDOS DE ESPERANZA.<\/a><\/p>\n<p style=\"text-align: justify;\"><a href=\"https:\/\/www.facebook.com\/photo.php?fbid=10208839902253079&amp;set=pcb.10208839919573512&amp;type=3&amp;theater\">23 DE FEBRERO EN LA TARDE &#8211; BELRAD \u00abINSTITUTO PARA LA MEDICI\u00d3N DE LA RADIACION DEL CUERPO HUMANO\u00bb EN MINSK<\/a><\/p>\n<p style=\"text-align: justify;\"><a href=\"https:\/\/www.facebook.com\/photo.php?fbid=10208839936013923&amp;set=pcb.10208839956774442&amp;type=3&amp;theater\">24 DE FEBRERO &#8211; ENTREGA DE AYUDA HUMANITARIA (silla de ruedas de aleaci\u00f3n ligera) DESDE ESPA\u00d1A POR UN PRIVADO A POLINA LITOVICH. \u00abTODO UN EJEMPLO DE VITALIDAD Y<span class=\"text_exposed_show\"> SUPERACI\u00d3N\u00bb.<\/span><\/a><\/p>\n<p style=\"text-align: justify;\"><a href=\"https:\/\/www.facebook.com\/photo.php?fbid=10208839988095225&amp;set=pcb.10208840027936221&amp;type=3&amp;theater\">25 DE FEBRERO &#8211; HOSPITAL ONCOLOGICO (infantil y juvenil) ASTRASHYTSKI HARODOK<\/a><\/p>\n<p style=\"text-align: justify;\">\n","protected":false},"excerpt":{"rendered":"<p>Voy a dejar en esta entrada a traves de los enlaces a nuestro facebook, un breve diario de nuestro viaje a Bielorrusia, en este a\u00f1o tan especial en el que celebramos el 30 Aniversario de la Catastrofe y 5 de Fukushima, no hay que olvidarlo. Tambien coincide con la presentaci\u00f3n de la Candidatura por parte &hellip; <\/p>\n<p><a class=\"more-link btn\" href=\"https:\/\/www.asnia.es\/?p=4910\">Seguir leyendo<\/a><\/p>\n","protected":false},"author":1,"featured_media":0,"comment_status":"open","ping_status":"open","sticky":false,"template":"","format":"standard","meta":{"ngg_post_thumbnail":0,"footnotes":""},"categories":[1,25],"tags":[],"class_list":["post-4910","post","type-post","status-publish","format-standard","hentry","category-general","category-programa-2016","item-wrap"],"_links":{"self":[{"href":"https:\/\/www.asnia.es\/index.php?rest_route=\/wp\/v2\/posts\/4910","targetHints":{"allow":["GET"]}}],"collection":[{"href":"https:\/\/www.asnia.es\/index.php?rest_route=\/wp\/v2\/posts"}],"about":[{"href":"https:\/\/www.asnia.es\/index.php?rest_route=\/wp\/v2\/types\/post"}],"author":[{"embeddable":true,"href":"https:\/\/www.asnia.es\/index.php?rest_route=\/wp\/v2\/users\/1"}],"replies":[{"embeddable":true,"href":"https:\/\/www.asnia.es\/index.php?rest_route=%2Fwp%2Fv2%2Fcomments&post=4910"}],"version-history":[{"count":1,"href":"https:\/\/www.asnia.es\/index.php?rest_route=\/wp\/v2\/posts\/4910\/revisions"}],"predecessor-version":[{"id":4911,"href":"https:\/\/www.asnia.es\/index.php?rest_route=\/wp\/v2\/posts\/4910\/revisions\/4911"}],"wp:attachment":[{"href":"https:\/\/www.asnia.es\/index.php?rest_route=%2Fwp%2Fv2%2Fmedia&parent=4910"}],"wp:term":[{"taxonomy":"category","embeddable":true,"href":"https:\/\/www.asnia.es\/index.php?rest_route=%2Fwp%2Fv2%2Fcategories&post=4910"},{"taxonomy":"post_tag","embeddable":true,"href":"https:\/\/www.asnia.es\/index.php?rest_route=%2Fwp%2Fv2%2Ftags&post=4910"}],"curies":[{"name":"wp","href":"https:\/\/api.w.org\/{rel}","templated":true}]}}