{"id":4567,"date":"2015-10-14T23:17:15","date_gmt":"2015-10-14T21:17:15","guid":{"rendered":"http:\/\/www.asnia.es\/?p=4567"},"modified":"2015-10-14T23:17:15","modified_gmt":"2015-10-14T21:17:15","slug":"conferencia-internacional-sobre-la-semana-de-accion-2016","status":"publish","type":"post","link":"https:\/\/www.asnia.es\/?p=4567","title":{"rendered":"Conferencia Internacional sobre la Semana De Acci\u00f3n 2016"},"content":{"rendered":"<p style=\"text-align: justify;\"><a href=\"http:\/\/www.asnia.es\/wp-content\/uploads\/2015\/10\/Doc1.jpg\"><img loading=\"lazy\" decoding=\"async\" class=\"aligncenter size-full wp-image-4569\" src=\"http:\/\/www.asnia.es\/wp-content\/uploads\/2015\/10\/Doc1.jpg\" alt=\"Doc1\" width=\"959\" height=\"374\" srcset=\"https:\/\/www.asnia.es\/wp-content\/uploads\/2015\/10\/Doc1.jpg 959w, https:\/\/www.asnia.es\/wp-content\/uploads\/2015\/10\/Doc1-300x117.jpg 300w\" sizes=\"auto, (max-width: 959px) 100vw, 959px\" \/><\/a><\/p>\n<p style=\"text-align: justify;\">Un a\u00f1o mas Espa\u00f1a estar\u00e1 presente en la conferencia internacional en \u00a0,Geseke \u2013 Eringerfeld (Alemania) \u00a0FEDASIB, Federaci\u00f3n Espa\u00f1ola, representara a todos los colectivos espa\u00f1oles que realizamos programas de sanaci\u00f3n de menores afectados por Chernobil. importante conferencia este a\u00f1o ya que se planificaran todas las actividades que los distintos pa\u00edses programaran para la conmemoraci\u00f3n del 30 Aniversario de la mayor cat\u00e1strofe de la historia, Chernoibil, sin olvidar el 5\u00ba aniversario de Fukushima.<\/p>\n<p style=\"text-align: justify;\"><a href=\"http:\/\/www.asnia.es\/wp-content\/uploads\/2015\/10\/Programa-Espa\u00f1ol.pdf\">Programa en Espa\u00f1ol<\/a><\/p>\n<p style=\"text-align: justify;\">\n","protected":false},"excerpt":{"rendered":"<p>Un a\u00f1o mas Espa\u00f1a estar\u00e1 presente en la conferencia internacional en \u00a0,Geseke \u2013 Eringerfeld (Alemania) \u00a0FEDASIB, Federaci\u00f3n Espa\u00f1ola, representara a todos los colectivos espa\u00f1oles que realizamos programas de sanaci\u00f3n de menores afectados por Chernobil. importante conferencia este a\u00f1o ya que se planificaran todas las actividades que los distintos pa\u00edses programaran para la conmemoraci\u00f3n del 30 &hellip; <\/p>\n<p><a class=\"more-link btn\" href=\"https:\/\/www.asnia.es\/?p=4567\">Seguir leyendo<\/a><\/p>\n","protected":false},"author":1,"featured_media":0,"comment_status":"open","ping_status":"open","sticky":false,"template":"","format":"standard","meta":{"ngg_post_thumbnail":0,"footnotes":""},"categories":[1],"tags":[],"class_list":["post-4567","post","type-post","status-publish","format-standard","hentry","category-general","item-wrap"],"_links":{"self":[{"href":"https:\/\/www.asnia.es\/index.php?rest_route=\/wp\/v2\/posts\/4567","targetHints":{"allow":["GET"]}}],"collection":[{"href":"https:\/\/www.asnia.es\/index.php?rest_route=\/wp\/v2\/posts"}],"about":[{"href":"https:\/\/www.asnia.es\/index.php?rest_route=\/wp\/v2\/types\/post"}],"author":[{"embeddable":true,"href":"https:\/\/www.asnia.es\/index.php?rest_route=\/wp\/v2\/users\/1"}],"replies":[{"embeddable":true,"href":"https:\/\/www.asnia.es\/index.php?rest_route=%2Fwp%2Fv2%2Fcomments&post=4567"}],"version-history":[{"count":1,"href":"https:\/\/www.asnia.es\/index.php?rest_route=\/wp\/v2\/posts\/4567\/revisions"}],"predecessor-version":[{"id":4570,"href":"https:\/\/www.asnia.es\/index.php?rest_route=\/wp\/v2\/posts\/4567\/revisions\/4570"}],"wp:attachment":[{"href":"https:\/\/www.asnia.es\/index.php?rest_route=%2Fwp%2Fv2%2Fmedia&parent=4567"}],"wp:term":[{"taxonomy":"category","embeddable":true,"href":"https:\/\/www.asnia.es\/index.php?rest_route=%2Fwp%2Fv2%2Fcategories&post=4567"},{"taxonomy":"post_tag","embeddable":true,"href":"https:\/\/www.asnia.es\/index.php?rest_route=%2Fwp%2Fv2%2Ftags&post=4567"}],"curies":[{"name":"wp","href":"https:\/\/api.w.org\/{rel}","templated":true}]}}