{"id":4560,"date":"2015-10-14T22:47:23","date_gmt":"2015-10-14T20:47:23","guid":{"rendered":"http:\/\/www.asnia.es\/?p=4560"},"modified":"2015-10-14T22:47:23","modified_gmt":"2015-10-14T20:47:23","slug":"la-bielorrusa-svetlana-alexievich-premio-nobel-de-literatura","status":"publish","type":"post","link":"https:\/\/www.asnia.es\/?p=4560","title":{"rendered":"La bielorrusa Svetlana Alexi\u00e9vich, premio Nobel de Literatura"},"content":{"rendered":"<h1 class=\"news-header-tit\" style=\"text-align: justify;\"><a href=\"http:\/\/www.asnia.es\/wp-content\/uploads\/2015\/10\/svetlana-alexievich-la-gran-cronista-de-chernobil-gana-el-nobel-de-literatura.jpg\"><img loading=\"lazy\" decoding=\"async\" class=\"aligncenter size-full wp-image-4563\" src=\"http:\/\/www.asnia.es\/wp-content\/uploads\/2015\/10\/svetlana-alexievich-la-gran-cronista-de-chernobil-gana-el-nobel-de-literatura.jpg\" alt=\"svetlana-alexievich-la-gran-cronista-de-chernobil-gana-el-nobel-de-literatura\" width=\"996\" height=\"580\" srcset=\"https:\/\/www.asnia.es\/wp-content\/uploads\/2015\/10\/svetlana-alexievich-la-gran-cronista-de-chernobil-gana-el-nobel-de-literatura.jpg 996w, https:\/\/www.asnia.es\/wp-content\/uploads\/2015\/10\/svetlana-alexievich-la-gran-cronista-de-chernobil-gana-el-nobel-de-literatura-300x175.jpg 300w\" sizes=\"auto, (max-width: 996px) 100vw, 996px\" \/><\/a><\/h1>\n<h1 class=\"news-header-tit\" style=\"text-align: justify;\">Svetlana Alexievich, la gran cronista de Chern\u00f3bil, gana el Nobel de Literatura<\/h1>\n<div class=\"news-header-opening-txt\" style=\"text-align: justify;\">La Academia Sueca ha decidido este jueves galardonar a la periodista bielorrusa, autora de &#8216;Voces de Chern\u00f3bil&#8217;, la gran obra de investigaci\u00f3n coral sobre la peor cat\u00e1strofe nuclear de la historia<\/div>\n<p style=\"text-align: justify;\"><a href=\"http:\/\/www.elconfidencial.com\/cultura\/2015-10-08\/svetlana-alexievich-premio-nobel-literatura-2015_1052710\/\">VISUALIZAR ARTICULO<\/a><\/p>\n<p style=\"text-align: justify;\"><a href=\"http:\/\/www.asnia.es\/wp-content\/uploads\/2015\/10\/12108890_430121473855592_5890503221560094292_n.jpg\"><img loading=\"lazy\" decoding=\"async\" class=\"aligncenter size-full wp-image-4562\" src=\"http:\/\/www.asnia.es\/wp-content\/uploads\/2015\/10\/12108890_430121473855592_5890503221560094292_n.jpg\" alt=\"12108890_430121473855592_5890503221560094292_n\" width=\"620\" height=\"414\" srcset=\"https:\/\/www.asnia.es\/wp-content\/uploads\/2015\/10\/12108890_430121473855592_5890503221560094292_n.jpg 620w, https:\/\/www.asnia.es\/wp-content\/uploads\/2015\/10\/12108890_430121473855592_5890503221560094292_n-300x200.jpg 300w\" sizes=\"auto, (max-width: 620px) 100vw, 620px\" \/><\/a><\/p>\n<p style=\"text-align: justify;\">Un Premio Novel de Literatura totalmente merecido. BIELORRUSIA EXISTE, y CHERNOBYL TAMBI\u00c9N, y est\u00e1 latente!!!! No podemos olvidar ni silenciar. Hay que volver la mirada y aprender de la historia.<br \/>\nAhora tenemos que hacer lo,imposible para que a los liquidadores de Chernobyl 3 d\u00e9cadas despu\u00e9s tambi\u00e9n se les reconozca su labor, gracias a ellos se evit\u00f3 una segunda explosi\u00f3n y que toda Europa quedase deshabitada. Por ello la federaci\u00f3n Espa\u00f1ola tiene como proyecto principal de cara al 30 aniversario de Chernobyl, proponer candidatura para el Premio Princesa de Asturias de Cooperaci\u00f3n 2016.<\/p>\n<p><a href=\"http:\/\/cultura.elpais.com\/cultura\/2015\/10\/08\/actualidad\/1444297840_159906.html\">VISUALIZAR ARTICULO<\/a><\/p>\n<p><a href=\"http:\/\/www.asnia.es\/wp-content\/uploads\/2015\/10\/2102408h765.jpg\"><img loading=\"lazy\" decoding=\"async\" class=\"aligncenter size-full wp-image-4561\" src=\"http:\/\/www.asnia.es\/wp-content\/uploads\/2015\/10\/2102408h765.jpg\" alt=\"2102408h765\" width=\"642\" height=\"765\" srcset=\"https:\/\/www.asnia.es\/wp-content\/uploads\/2015\/10\/2102408h765.jpg 642w, https:\/\/www.asnia.es\/wp-content\/uploads\/2015\/10\/2102408h765-252x300.jpg 252w\" sizes=\"auto, (max-width: 642px) 100vw, 642px\" \/><\/a><\/p>\n<h1>Voces de Chern\u00f3bil, despu\u00e9s de la cat\u00e1strofe<\/h1>\n<p class=\"bajada\">Delicado trabajo de recolecci\u00f3n de testimonios para contar una tragedia descomunal<\/p>\n<p class=\"bajada\"><a href=\"http:\/\/www.lanacion.com.ar\/1834949-voces-de-chernobil-despues-de-la-catastrofe\">VISUALIZAR ARTICULO<\/a><\/p>\n","protected":false},"excerpt":{"rendered":"<p>Svetlana Alexievich, la gran cronista de Chern\u00f3bil, gana el Nobel de Literatura La Academia Sueca ha decidido este jueves galardonar a la periodista bielorrusa, autora de &#8216;Voces de Chern\u00f3bil&#8217;, la gran obra de investigaci\u00f3n coral sobre la peor cat\u00e1strofe nuclear de la historia VISUALIZAR ARTICULO Un Premio Novel de Literatura totalmente merecido. BIELORRUSIA EXISTE, y &hellip; <\/p>\n<p><a class=\"more-link btn\" href=\"https:\/\/www.asnia.es\/?p=4560\">Seguir leyendo<\/a><\/p>\n","protected":false},"author":1,"featured_media":0,"comment_status":"open","ping_status":"open","sticky":false,"template":"","format":"standard","meta":{"ngg_post_thumbnail":0,"footnotes":""},"categories":[1],"tags":[],"class_list":["post-4560","post","type-post","status-publish","format-standard","hentry","category-general","item-wrap"],"_links":{"self":[{"href":"https:\/\/www.asnia.es\/index.php?rest_route=\/wp\/v2\/posts\/4560","targetHints":{"allow":["GET"]}}],"collection":[{"href":"https:\/\/www.asnia.es\/index.php?rest_route=\/wp\/v2\/posts"}],"about":[{"href":"https:\/\/www.asnia.es\/index.php?rest_route=\/wp\/v2\/types\/post"}],"author":[{"embeddable":true,"href":"https:\/\/www.asnia.es\/index.php?rest_route=\/wp\/v2\/users\/1"}],"replies":[{"embeddable":true,"href":"https:\/\/www.asnia.es\/index.php?rest_route=%2Fwp%2Fv2%2Fcomments&post=4560"}],"version-history":[{"count":1,"href":"https:\/\/www.asnia.es\/index.php?rest_route=\/wp\/v2\/posts\/4560\/revisions"}],"predecessor-version":[{"id":4564,"href":"https:\/\/www.asnia.es\/index.php?rest_route=\/wp\/v2\/posts\/4560\/revisions\/4564"}],"wp:attachment":[{"href":"https:\/\/www.asnia.es\/index.php?rest_route=%2Fwp%2Fv2%2Fmedia&parent=4560"}],"wp:term":[{"taxonomy":"category","embeddable":true,"href":"https:\/\/www.asnia.es\/index.php?rest_route=%2Fwp%2Fv2%2Fcategories&post=4560"},{"taxonomy":"post_tag","embeddable":true,"href":"https:\/\/www.asnia.es\/index.php?rest_route=%2Fwp%2Fv2%2Ftags&post=4560"}],"curies":[{"name":"wp","href":"https:\/\/api.w.org\/{rel}","templated":true}]}}