{"id":4542,"date":"2015-10-04T16:55:31","date_gmt":"2015-10-04T14:55:31","guid":{"rendered":"http:\/\/www.asnia.es\/?p=4542"},"modified":"2015-10-04T16:56:37","modified_gmt":"2015-10-04T14:56:37","slug":"el-panico-ha-causado-mas-muertes-en-fukushima-que-la-radioactividad","status":"publish","type":"post","link":"https:\/\/www.asnia.es\/?p=4542","title":{"rendered":"El p\u00e1nico ha causado m\u00e1s muertes en Fukushima que la radioactividad"},"content":{"rendered":"<p style=\"text-align: justify;\">Han pasado cuatros y medio desde el desastre de Fukushima. Pero a pesar de la gravedad de la situaci\u00f3n vivida en esta zona de la costa norte de <a class=\"yom-entity-link\" href=\"https:\/\/es.noticias.yahoo.com\/temas\/japon\/\" data-rapid_p=\"1\">Jap\u00f3n<\/a>, con un tsunami que hizo que se produjera una fusi\u00f3n del n\u00facleo y varias fugas, nadie ha muerto por culpa de la radiaci\u00f3n. Ni siquiera nadie ha enfermado por esa causa. Sin embargo, ha habido 1.600 muertes que se pueden atribuir al estr\u00e9s de las evacuaciones y al miedo a padecer alg\u00fan problema de salud por culpa de la radiaci\u00f3n<strong>.<\/strong><\/p>\n<p style=\"text-align: justify;\">INTERESANTE ARTICULO\u00a0<a href=\"https:\/\/es.noticias.yahoo.com\/el-p%C3%A1nico-ha-causado-m%C3%A1s-muertes-en-fukushima-que-la-radiaci%C3%B3n-154526967.html\">VISUALIZAR ATICULO<\/a><\/p>\n","protected":false},"excerpt":{"rendered":"<p>Han pasado cuatros y medio desde el desastre de Fukushima. Pero a pesar de la gravedad de la situaci\u00f3n vivida en esta zona de la costa norte de Jap\u00f3n, con un tsunami que hizo que se produjera una fusi\u00f3n del n\u00facleo y varias fugas, nadie ha muerto por culpa de la radiaci\u00f3n. Ni siquiera nadie &hellip; <\/p>\n<p><a class=\"more-link btn\" href=\"https:\/\/www.asnia.es\/?p=4542\">Seguir leyendo<\/a><\/p>\n","protected":false},"author":1,"featured_media":0,"comment_status":"open","ping_status":"open","sticky":false,"template":"","format":"standard","meta":{"ngg_post_thumbnail":0,"footnotes":""},"categories":[1,18],"tags":[],"class_list":["post-4542","post","type-post","status-publish","format-standard","hentry","category-general","category-programa-2015","item-wrap"],"_links":{"self":[{"href":"https:\/\/www.asnia.es\/index.php?rest_route=\/wp\/v2\/posts\/4542","targetHints":{"allow":["GET"]}}],"collection":[{"href":"https:\/\/www.asnia.es\/index.php?rest_route=\/wp\/v2\/posts"}],"about":[{"href":"https:\/\/www.asnia.es\/index.php?rest_route=\/wp\/v2\/types\/post"}],"author":[{"embeddable":true,"href":"https:\/\/www.asnia.es\/index.php?rest_route=\/wp\/v2\/users\/1"}],"replies":[{"embeddable":true,"href":"https:\/\/www.asnia.es\/index.php?rest_route=%2Fwp%2Fv2%2Fcomments&post=4542"}],"version-history":[{"count":1,"href":"https:\/\/www.asnia.es\/index.php?rest_route=\/wp\/v2\/posts\/4542\/revisions"}],"predecessor-version":[{"id":4543,"href":"https:\/\/www.asnia.es\/index.php?rest_route=\/wp\/v2\/posts\/4542\/revisions\/4543"}],"wp:attachment":[{"href":"https:\/\/www.asnia.es\/index.php?rest_route=%2Fwp%2Fv2%2Fmedia&parent=4542"}],"wp:term":[{"taxonomy":"category","embeddable":true,"href":"https:\/\/www.asnia.es\/index.php?rest_route=%2Fwp%2Fv2%2Fcategories&post=4542"},{"taxonomy":"post_tag","embeddable":true,"href":"https:\/\/www.asnia.es\/index.php?rest_route=%2Fwp%2Fv2%2Ftags&post=4542"}],"curies":[{"name":"wp","href":"https:\/\/api.w.org\/{rel}","templated":true}]}}