{"id":4538,"date":"2015-09-20T16:40:12","date_gmt":"2015-09-20T14:40:12","guid":{"rendered":"http:\/\/www.asnia.es\/?p=4538"},"modified":"2015-10-04T16:50:21","modified_gmt":"2015-10-04T14:50:21","slug":"clausura-v-foro-nacional-madrid-2015","status":"publish","type":"post","link":"https:\/\/www.asnia.es\/?p=4538","title":{"rendered":"CLAUSURA V FORO NACIONAL MADRID 2015"},"content":{"rendered":"<p style=\"text-align: justify;\"><a href=\"http:\/\/www.asnia.es\/wp-content\/uploads\/2015\/10\/12004712_10207712668232933_8358911651656860973_n.jpg\"><img loading=\"lazy\" decoding=\"async\" class=\"aligncenter size-full wp-image-4539\" src=\"http:\/\/www.asnia.es\/wp-content\/uploads\/2015\/10\/12004712_10207712668232933_8358911651656860973_n.jpg\" alt=\"12004712_10207712668232933_8358911651656860973_n\" width=\"960\" height=\"704\" srcset=\"https:\/\/www.asnia.es\/wp-content\/uploads\/2015\/10\/12004712_10207712668232933_8358911651656860973_n.jpg 960w, https:\/\/www.asnia.es\/wp-content\/uploads\/2015\/10\/12004712_10207712668232933_8358911651656860973_n-300x220.jpg 300w\" sizes=\"auto, (max-width: 960px) 100vw, 960px\" \/><\/a><\/p>\n<p style=\"text-align: justify;\">Despu\u00e9s de cuatro intensos y fruct\u00edferos d\u00edas de trabajo clausuramos el V Foro Nacional Madrid 2015.<br \/>\nEmpezamos la cuenta atr\u00e1s para el 2016 : 30 ANIVERSARIO DE CHERNOBIL Y VI FORO NACIONAL. DONDE? Seguidnos y os iremos informando de nuestros proyectos para rememorar y en memoria de la V\u00edctimas de CHERNOBIL tres d\u00e9cadas despu\u00e9s.<\/p>\n<p style=\"text-align: justify;\">EN BREVE PUBLICAREMOS EN NUESTRAS PLATAFORMAS SOCIALES LAS MEMORIAS TANTO INSTITUCIONAL COMO ESPECIFICA DE ESTE FORO.<\/p>\n<p style=\"text-align: justify;\"><a href=\"http:\/\/www.asnia.es\/wp-content\/uploads\/2015\/10\/12039683_10207712668912950_1273138802027382560_n.jpg\"><img loading=\"lazy\" decoding=\"async\" class=\"aligncenter size-full wp-image-4540\" src=\"http:\/\/www.asnia.es\/wp-content\/uploads\/2015\/10\/12039683_10207712668912950_1273138802027382560_n.jpg\" alt=\"12039683_10207712668912950_1273138802027382560_n\" width=\"960\" height=\"720\" srcset=\"https:\/\/www.asnia.es\/wp-content\/uploads\/2015\/10\/12039683_10207712668912950_1273138802027382560_n.jpg 960w, https:\/\/www.asnia.es\/wp-content\/uploads\/2015\/10\/12039683_10207712668912950_1273138802027382560_n-300x225.jpg 300w\" sizes=\"auto, (max-width: 960px) 100vw, 960px\" \/><\/a><\/p>\n","protected":false},"excerpt":{"rendered":"<p>Despu\u00e9s de cuatro intensos y fruct\u00edferos d\u00edas de trabajo clausuramos el V Foro Nacional Madrid 2015. Empezamos la cuenta atr\u00e1s para el 2016 : 30 ANIVERSARIO DE CHERNOBIL Y VI FORO NACIONAL. DONDE? Seguidnos y os iremos informando de nuestros proyectos para rememorar y en memoria de la V\u00edctimas de CHERNOBIL tres d\u00e9cadas despu\u00e9s. EN &hellip; <\/p>\n<p><a class=\"more-link btn\" href=\"https:\/\/www.asnia.es\/?p=4538\">Seguir leyendo<\/a><\/p>\n","protected":false},"author":1,"featured_media":0,"comment_status":"open","ping_status":"open","sticky":false,"template":"","format":"standard","meta":{"ngg_post_thumbnail":0,"footnotes":""},"categories":[1,18],"tags":[],"class_list":["post-4538","post","type-post","status-publish","format-standard","hentry","category-general","category-programa-2015","item-wrap"],"_links":{"self":[{"href":"https:\/\/www.asnia.es\/index.php?rest_route=\/wp\/v2\/posts\/4538","targetHints":{"allow":["GET"]}}],"collection":[{"href":"https:\/\/www.asnia.es\/index.php?rest_route=\/wp\/v2\/posts"}],"about":[{"href":"https:\/\/www.asnia.es\/index.php?rest_route=\/wp\/v2\/types\/post"}],"author":[{"embeddable":true,"href":"https:\/\/www.asnia.es\/index.php?rest_route=\/wp\/v2\/users\/1"}],"replies":[{"embeddable":true,"href":"https:\/\/www.asnia.es\/index.php?rest_route=%2Fwp%2Fv2%2Fcomments&post=4538"}],"version-history":[{"count":1,"href":"https:\/\/www.asnia.es\/index.php?rest_route=\/wp\/v2\/posts\/4538\/revisions"}],"predecessor-version":[{"id":4541,"href":"https:\/\/www.asnia.es\/index.php?rest_route=\/wp\/v2\/posts\/4538\/revisions\/4541"}],"wp:attachment":[{"href":"https:\/\/www.asnia.es\/index.php?rest_route=%2Fwp%2Fv2%2Fmedia&parent=4538"}],"wp:term":[{"taxonomy":"category","embeddable":true,"href":"https:\/\/www.asnia.es\/index.php?rest_route=%2Fwp%2Fv2%2Fcategories&post=4538"},{"taxonomy":"post_tag","embeddable":true,"href":"https:\/\/www.asnia.es\/index.php?rest_route=%2Fwp%2Fv2%2Ftags&post=4538"}],"curies":[{"name":"wp","href":"https:\/\/api.w.org\/{rel}","templated":true}]}}