{"id":4494,"date":"2015-09-18T16:01:07","date_gmt":"2015-09-18T14:01:07","guid":{"rendered":"http:\/\/www.asnia.es\/?p=4494"},"modified":"2015-09-28T16:06:16","modified_gmt":"2015-09-28T14:06:16","slug":"1a-jornada-v-foro-madrid-2015-direccion-general-de-infancia-y-hospital-xii-de-octubre","status":"publish","type":"post","link":"https:\/\/www.asnia.es\/?p=4494","title":{"rendered":"1\u00aa JORNADA V FORO MADRID 2015: DIRECCI\u00d3N GENERAL DE INFANCIA Y HOSPITAL XII DE OCTUBRE"},"content":{"rendered":"<p style=\"text-align: justify;\"><a href=\"http:\/\/www.asnia.es\/wp-content\/uploads\/2015\/09\/11222404_10207694953630079_4473978039581330226_n.jpg\"><br \/>\n<\/a> <a href=\"http:\/\/www.asnia.es\/wp-content\/uploads\/2015\/09\/12020016_10207694949389973_2548125351588294200_n.jpg\"><img loading=\"lazy\" decoding=\"async\" class=\"aligncenter size-full wp-image-4496\" src=\"http:\/\/www.asnia.es\/wp-content\/uploads\/2015\/09\/12020016_10207694949389973_2548125351588294200_n.jpg\" alt=\"12020016_10207694949389973_2548125351588294200_n\" width=\"960\" height=\"720\" srcset=\"https:\/\/www.asnia.es\/wp-content\/uploads\/2015\/09\/12020016_10207694949389973_2548125351588294200_n.jpg 960w, https:\/\/www.asnia.es\/wp-content\/uploads\/2015\/09\/12020016_10207694949389973_2548125351588294200_n-300x225.jpg 300w\" sizes=\"auto, (max-width: 960px) 100vw, 960px\" \/><\/a><\/p>\n<p style=\"text-align: justify;\">Nuestra primera jornada en el d\u00eda de hoy en compa\u00f1\u00eda del Sr. Dymitri Shekunov, Vicedirector del Departamento de Ayuda Humanitaria de la Gerencia del Presidente de la Republica de Bielorrusia, Sr Pavel Lathusko, Embajador Plenipotenciario en la Republica de Francia de la Republica de Bielorrusia y presidenta de la Fundaci\u00f3n bielorrusa Anastasiya, Svetlana Ivanouskaya, mantuvimos una interesante y fruct\u00edfera reuni\u00f3n en la direcci\u00f3n General de Infancia y posteriormente en \u00e9l \u00e1re<span class=\"text_exposed_show\">a de oncolog\u00eda infantil del hospital XII de Octubre en Madrid de la mano de nuestro incondicional colaborador Dr. en Pediatr\u00eda Miguel Zafra Antas. Fuimos recibidos por el jefe del servicio doctor Vivanco, dem\u00e1s personal del \u00e1rea de oncolog\u00eda, el director del hospital, director del \u00e1rea materno infantil y Responsable de las Voluntarias de la asociaci\u00f3n contra el Cancer. Tras una visita a las instalaciones, tuvimos una interesante pero distendida charla compartiendo toda clase de experiencias y nuevas terapias aplicables desde que se detecta la enfermedad, durante y despu\u00e9s de iniciar el tratamiento. Impera la m\u00fasica-terapia, la escuela en el interior de \u00e1rea, la asistencia escolar en casa y todo tipo de apoyo a los peque\u00f1os y familia. Tuvimos el placer de compartir esta interesante conversaci\u00f3n en un lugar privilegiado reci\u00e9n inaugurado en el hospital, el jard\u00edn-parque de la terraza de la planta s\u00e9ptima, que es la planta de oncolog\u00eda infantil y hospital de d\u00eda.<\/span><\/p>\n<p style=\"text-align: justify;\"><a href=\"http:\/\/www.asnia.es\/wp-content\/uploads\/2015\/09\/11222404_10207694953630079_4473978039581330226_n.jpg\"><img loading=\"lazy\" decoding=\"async\" class=\"aligncenter size-full wp-image-4495\" src=\"http:\/\/www.asnia.es\/wp-content\/uploads\/2015\/09\/11222404_10207694953630079_4473978039581330226_n.jpg\" alt=\"11222404_10207694953630079_4473978039581330226_n\" width=\"960\" height=\"720\" srcset=\"https:\/\/www.asnia.es\/wp-content\/uploads\/2015\/09\/11222404_10207694953630079_4473978039581330226_n.jpg 960w, https:\/\/www.asnia.es\/wp-content\/uploads\/2015\/09\/11222404_10207694953630079_4473978039581330226_n-300x225.jpg 300w\" sizes=\"auto, (max-width: 960px) 100vw, 960px\" \/><\/a><\/p>\n","protected":false},"excerpt":{"rendered":"<p>Nuestra primera jornada en el d\u00eda de hoy en compa\u00f1\u00eda del Sr. Dymitri Shekunov, Vicedirector del Departamento de Ayuda Humanitaria de la Gerencia del Presidente de la Republica de Bielorrusia, Sr Pavel Lathusko, Embajador Plenipotenciario en la Republica de Francia de la Republica de Bielorrusia y presidenta de la Fundaci\u00f3n bielorrusa Anastasiya, Svetlana Ivanouskaya, mantuvimos &hellip; <\/p>\n<p><a class=\"more-link btn\" href=\"https:\/\/www.asnia.es\/?p=4494\">Seguir leyendo<\/a><\/p>\n","protected":false},"author":1,"featured_media":0,"comment_status":"open","ping_status":"open","sticky":false,"template":"","format":"standard","meta":{"ngg_post_thumbnail":0,"footnotes":""},"categories":[1,18],"tags":[],"class_list":["post-4494","post","type-post","status-publish","format-standard","hentry","category-general","category-programa-2015","item-wrap"],"_links":{"self":[{"href":"https:\/\/www.asnia.es\/index.php?rest_route=\/wp\/v2\/posts\/4494","targetHints":{"allow":["GET"]}}],"collection":[{"href":"https:\/\/www.asnia.es\/index.php?rest_route=\/wp\/v2\/posts"}],"about":[{"href":"https:\/\/www.asnia.es\/index.php?rest_route=\/wp\/v2\/types\/post"}],"author":[{"embeddable":true,"href":"https:\/\/www.asnia.es\/index.php?rest_route=\/wp\/v2\/users\/1"}],"replies":[{"embeddable":true,"href":"https:\/\/www.asnia.es\/index.php?rest_route=%2Fwp%2Fv2%2Fcomments&post=4494"}],"version-history":[{"count":1,"href":"https:\/\/www.asnia.es\/index.php?rest_route=\/wp\/v2\/posts\/4494\/revisions"}],"predecessor-version":[{"id":4497,"href":"https:\/\/www.asnia.es\/index.php?rest_route=\/wp\/v2\/posts\/4494\/revisions\/4497"}],"wp:attachment":[{"href":"https:\/\/www.asnia.es\/index.php?rest_route=%2Fwp%2Fv2%2Fmedia&parent=4494"}],"wp:term":[{"taxonomy":"category","embeddable":true,"href":"https:\/\/www.asnia.es\/index.php?rest_route=%2Fwp%2Fv2%2Fcategories&post=4494"},{"taxonomy":"post_tag","embeddable":true,"href":"https:\/\/www.asnia.es\/index.php?rest_route=%2Fwp%2Fv2%2Ftags&post=4494"}],"curies":[{"name":"wp","href":"https:\/\/api.w.org\/{rel}","templated":true}]}}