{"id":4424,"date":"2015-07-04T01:41:30","date_gmt":"2015-07-03T23:41:30","guid":{"rendered":"http:\/\/www.asnia.es\/?p=4424"},"modified":"2015-09-01T01:44:44","modified_gmt":"2015-08-31T23:44:44","slug":"dia-de-la-independencia-en-bielorrusia","status":"publish","type":"post","link":"https:\/\/www.asnia.es\/?p=4424","title":{"rendered":"D\u00cdA DE LA INDEPENDENCIA EN BIELORRUSIA"},"content":{"rendered":"<h2 style=\"text-align: justify;\"><a href=\"http:\/\/www.asnia.es\/wp-content\/uploads\/2015\/09\/11030784_942040595855263_5846476731001291844_n.jpg\"><img loading=\"lazy\" decoding=\"async\" class=\"aligncenter size-full wp-image-4425\" src=\"http:\/\/www.asnia.es\/wp-content\/uploads\/2015\/09\/11030784_942040595855263_5846476731001291844_n.jpg\" alt=\"11030784_942040595855263_5846476731001291844_n\" width=\"640\" height=\"480\" srcset=\"https:\/\/www.asnia.es\/wp-content\/uploads\/2015\/09\/11030784_942040595855263_5846476731001291844_n.jpg 640w, https:\/\/www.asnia.es\/wp-content\/uploads\/2015\/09\/11030784_942040595855263_5846476731001291844_n-300x225.jpg 300w\" sizes=\"auto, (max-width: 640px) 100vw, 640px\" \/><\/a><\/h2>\n<h2 style=\"text-align: justify;\"><strong>Recordando a todos nuestros amigos y familias en <a class=\"profileLink\" href=\"https:\/\/www.facebook.com\/pages\/Bielorrusia\/105482962818132\" data-hovercard=\"\/ajax\/hovercard\/page.php?id=105482962818132\">Belarus<\/a> como celebran el d\u00eda de la independencia-en conmemoraci\u00f3n de la liberaci\u00f3n de Minsk de la ocupaci\u00f3n nazi durante ww11<\/strong><\/h2>\n<p>&nbsp;<\/p>\n","protected":false},"excerpt":{"rendered":"<p>Recordando a todos nuestros amigos y familias en Belarus como celebran el d\u00eda de la independencia-en conmemoraci\u00f3n de la liberaci\u00f3n de Minsk de la ocupaci\u00f3n nazi durante ww11 &nbsp;<\/p>\n","protected":false},"author":1,"featured_media":0,"comment_status":"open","ping_status":"open","sticky":false,"template":"","format":"standard","meta":{"ngg_post_thumbnail":0,"footnotes":""},"categories":[1,18],"tags":[],"class_list":["post-4424","post","type-post","status-publish","format-standard","hentry","category-general","category-programa-2015","item-wrap"],"_links":{"self":[{"href":"https:\/\/www.asnia.es\/index.php?rest_route=\/wp\/v2\/posts\/4424","targetHints":{"allow":["GET"]}}],"collection":[{"href":"https:\/\/www.asnia.es\/index.php?rest_route=\/wp\/v2\/posts"}],"about":[{"href":"https:\/\/www.asnia.es\/index.php?rest_route=\/wp\/v2\/types\/post"}],"author":[{"embeddable":true,"href":"https:\/\/www.asnia.es\/index.php?rest_route=\/wp\/v2\/users\/1"}],"replies":[{"embeddable":true,"href":"https:\/\/www.asnia.es\/index.php?rest_route=%2Fwp%2Fv2%2Fcomments&post=4424"}],"version-history":[{"count":1,"href":"https:\/\/www.asnia.es\/index.php?rest_route=\/wp\/v2\/posts\/4424\/revisions"}],"predecessor-version":[{"id":4426,"href":"https:\/\/www.asnia.es\/index.php?rest_route=\/wp\/v2\/posts\/4424\/revisions\/4426"}],"wp:attachment":[{"href":"https:\/\/www.asnia.es\/index.php?rest_route=%2Fwp%2Fv2%2Fmedia&parent=4424"}],"wp:term":[{"taxonomy":"category","embeddable":true,"href":"https:\/\/www.asnia.es\/index.php?rest_route=%2Fwp%2Fv2%2Fcategories&post=4424"},{"taxonomy":"post_tag","embeddable":true,"href":"https:\/\/www.asnia.es\/index.php?rest_route=%2Fwp%2Fv2%2Ftags&post=4424"}],"curies":[{"name":"wp","href":"https:\/\/api.w.org\/{rel}","templated":true}]}}