{"id":4406,"date":"2015-08-08T00:57:08","date_gmt":"2015-08-07T22:57:08","guid":{"rendered":"http:\/\/www.asnia.es\/?p=4406"},"modified":"2015-09-02T23:26:49","modified_gmt":"2015-09-02T21:26:49","slug":"nos-despide-el-excmo-ayuntamiento-de-bonares","status":"publish","type":"post","link":"https:\/\/www.asnia.es\/?p=4406","title":{"rendered":"NOS DESPIDE EL EXCMO. AYUNTAMIENTO DE BONARES"},"content":{"rendered":"<div class=\"clearfix fbPhotoSnowliftAuthorInfo\">\n<div id=\"fbPhotoSnowliftAuthorPic\" class=\"lfloat _ohe\" data-ft=\"{&quot;tn&quot;:&quot;\\u003C&quot;}\"><\/div>\n<div class=\"lfloat _ohe\" data-ft=\"{&quot;tn&quot;:&quot;\\u003C&quot;}\"><\/div>\n<div class=\"lfloat _ohe\" data-ft=\"{&quot;tn&quot;:&quot;\\u003C&quot;}\"><a href=\"https:\/\/www.facebook.com\/pages\/Ayuntamiento-de-Bonares\/828403207275329?fref=photo\"><img decoding=\"async\" class=\"_s0 _rw img\" src=\"https:\/\/fbcdn-profile-a.akamaihd.net\/hprofile-ak-xpt1\/v\/t1.0-1\/c1.54.905.905\/s50x50\/11825748_828407153941601_1443230684446576800_n.jpg?oh=a5e2c5f7ada7ec81058c13110ea445f1&amp;oe=56771949&amp;__gda__=1450275338_8c607a65a1538bbd9f9dba109455c661\" alt=\"\" \/><\/a><\/div>\n<div class=\"_42ef\">\n<div id=\"fbPhotoSnowliftAuthorName\" class=\"fbPhotoContributorName\"><a href=\"https:\/\/www.facebook.com\/pages\/Ayuntamiento-de-Bonares\/828403207275329?fref=photo\" data-ft=\"{&quot;tn&quot;:&quot;k&quot;}\" data-hovercard=\"\/ajax\/hovercard\/page.php?id=828403207275329\">Ayuntamiento de Bonares<\/a><\/div>\n<div class=\"mrs fsm fwn fcg\">\n<p><a href=\"http:\/\/www.asnia.es\/wp-content\/uploads\/2015\/09\/11826039_10207379521024461_7610236389854214032_n.jpg\"><img loading=\"lazy\" decoding=\"async\" class=\"aligncenter size-full wp-image-4393\" src=\"http:\/\/www.asnia.es\/wp-content\/uploads\/2015\/09\/11826039_10207379521024461_7610236389854214032_n.jpg\" alt=\"11826039_10207379521024461_7610236389854214032_n\" width=\"960\" height=\"640\" srcset=\"https:\/\/www.asnia.es\/wp-content\/uploads\/2015\/09\/11826039_10207379521024461_7610236389854214032_n.jpg 960w, https:\/\/www.asnia.es\/wp-content\/uploads\/2015\/09\/11826039_10207379521024461_7610236389854214032_n-300x200.jpg 300w\" sizes=\"auto, (max-width: 960px) 100vw, 960px\" \/><\/a><\/p>\n<div id=\"fbPhotoSnowliftAudienceSelector\" class=\"mls\"><\/div>\n<\/div>\n<\/div>\n<\/div>\n<div>\n<div id=\"id_55e4dc23ae88d6407333270\" class=\"text_exposed_root text_exposed\" style=\"text-align: justify;\">Ayer, la Concejalia de Bienestar Social, en colaboraci\u00f3n con el Hogar del Pensionista y de la Asociaci\u00f3n Asnia, hemos estado acompa\u00f1ando a las familias de acogida de ni\u00f1os y ni\u00f1as de Bielorrusia. El encuentro ha sido muy emotivo, pues la raz\u00f3n era la despedida de estos ni\u00f1os y ni\u00f1as, que vuelven a su pais de origen tras 42 dias conviviendo con sus familias de acogida en Espa\u00f1a. Desde el Ayuntamien<span class=\"text_exposed_show\">to de Bonares obsequi\u00f3 a los jovenes con una camiseta de nuestro logo Bonares \u00abbuena gente\u00bb. Queremos agradecer a las familias su solidaridad y altruismo ayudando a estos ni\u00f1@s, que tanto necesitan estos periodos vacacionales, fuera de su zona de residencia contaminada por la radiacion de la malograda central de Chernobil.<\/span><\/div>\n<\/div>\n","protected":false},"excerpt":{"rendered":"<p>Ayuntamiento de Bonares Ayer, la Concejalia de Bienestar Social, en colaboraci\u00f3n con el Hogar del Pensionista y de la Asociaci\u00f3n Asnia, hemos estado acompa\u00f1ando a las familias de acogida de ni\u00f1os y ni\u00f1as de Bielorrusia. El encuentro ha sido muy emotivo, pues la raz\u00f3n era la despedida de estos ni\u00f1os y ni\u00f1as, que vuelven a &hellip; <\/p>\n<p><a class=\"more-link btn\" href=\"https:\/\/www.asnia.es\/?p=4406\">Seguir leyendo<\/a><\/p>\n","protected":false},"author":1,"featured_media":0,"comment_status":"open","ping_status":"open","sticky":false,"template":"","format":"standard","meta":{"ngg_post_thumbnail":0,"footnotes":""},"categories":[1,18],"tags":[],"class_list":["post-4406","post","type-post","status-publish","format-standard","hentry","category-general","category-programa-2015","item-wrap"],"_links":{"self":[{"href":"https:\/\/www.asnia.es\/index.php?rest_route=\/wp\/v2\/posts\/4406","targetHints":{"allow":["GET"]}}],"collection":[{"href":"https:\/\/www.asnia.es\/index.php?rest_route=\/wp\/v2\/posts"}],"about":[{"href":"https:\/\/www.asnia.es\/index.php?rest_route=\/wp\/v2\/types\/post"}],"author":[{"embeddable":true,"href":"https:\/\/www.asnia.es\/index.php?rest_route=\/wp\/v2\/users\/1"}],"replies":[{"embeddable":true,"href":"https:\/\/www.asnia.es\/index.php?rest_route=%2Fwp%2Fv2%2Fcomments&post=4406"}],"version-history":[{"count":2,"href":"https:\/\/www.asnia.es\/index.php?rest_route=\/wp\/v2\/posts\/4406\/revisions"}],"predecessor-version":[{"id":4446,"href":"https:\/\/www.asnia.es\/index.php?rest_route=\/wp\/v2\/posts\/4406\/revisions\/4446"}],"wp:attachment":[{"href":"https:\/\/www.asnia.es\/index.php?rest_route=%2Fwp%2Fv2%2Fmedia&parent=4406"}],"wp:term":[{"taxonomy":"category","embeddable":true,"href":"https:\/\/www.asnia.es\/index.php?rest_route=%2Fwp%2Fv2%2Fcategories&post=4406"},{"taxonomy":"post_tag","embeddable":true,"href":"https:\/\/www.asnia.es\/index.php?rest_route=%2Fwp%2Fv2%2Ftags&post=4406"}],"curies":[{"name":"wp","href":"https:\/\/api.w.org\/{rel}","templated":true}]}}