{"id":4390,"date":"2015-08-08T00:13:53","date_gmt":"2015-08-07T22:13:53","guid":{"rendered":"http:\/\/www.asnia.es\/?p=4390"},"modified":"2015-09-01T01:02:56","modified_gmt":"2015-08-31T23:02:56","slug":"el-deber-ha-sido-cumplido-un-ano-mas","status":"publish","type":"post","link":"https:\/\/www.asnia.es\/?p=4390","title":{"rendered":"EL DEBER HA SIDO CUMPLIDO UN A\u00d1O MAS"},"content":{"rendered":"<p style=\"text-align: justify;\"><a href=\"http:\/\/www.asnia.es\/wp-content\/uploads\/2015\/09\/11811345_10207379520944459_2488832874989244720_n1.jpg\"><img loading=\"lazy\" decoding=\"async\" class=\"aligncenter size-full wp-image-4392\" src=\"http:\/\/www.asnia.es\/wp-content\/uploads\/2015\/09\/11811345_10207379520944459_2488832874989244720_n1.jpg\" alt=\"11811345_10207379520944459_2488832874989244720_n\" width=\"960\" height=\"640\" srcset=\"https:\/\/www.asnia.es\/wp-content\/uploads\/2015\/09\/11811345_10207379520944459_2488832874989244720_n1.jpg 960w, https:\/\/www.asnia.es\/wp-content\/uploads\/2015\/09\/11811345_10207379520944459_2488832874989244720_n1-300x200.jpg 300w\" sizes=\"auto, (max-width: 960px) 100vw, 960px\" \/><\/a><\/p>\n<p style=\"text-align: justify;\">Y llego el d\u00eda menos deseado en el a\u00f1o para nuestra Asociaci\u00f3n ASNIA HUELVA. Ell@s se marchan. Nosotros nos quedamos con sus ausencias. El coraz\u00f3n lleno, y a la<span class=\"text_exposed_show\"> vez vac\u00edo. Es inexplicable los lazos de uni\u00f3n. Los sentimientos afloran dominando la raz\u00f3n. Un nudo que no permite respirar al mirar sus ojos. La curva de sus Sonrrisas lo endereza todo. Y adem\u00e1s es gratificante que te digan \u00abASNIA ES UN COLECTIVO EJEMPLAR\u00bb. Eso ha sido una labor que no tiene precio de las familias espa\u00f1olas como complemento de sus familias biol\u00f3gicas, la distancia no existe. Volver\u00e1n el pr\u00f3ximo a\u00f1o. Otros no lo har\u00e1n por edad y ciclo de programa com\u00fan cumplido. ASNIA COMIENZA CON LA CUENTA ATR\u00c1S.\u00a0<\/span><\/p>\n<p style=\"text-align: justify;\"><span class=\"text_exposed_show\">Iniciamos nuestro programa 2016. Quiero agradecer una y mil veces a las familias guardadoras el motor que impulsa esta obra social en cooperaci\u00f3n internacional.<br \/>\nHoy especialmente hacer menci\u00f3n a la despedida que nos ha brindado el Excmo. Ayuntamiento de Bonares. Su representante <a class=\"profileLink\" href=\"https:\/\/www.facebook.com\/juande.jaenmoreno\" data-hovercard=\"\/ajax\/hovercard\/user.php?id=1777639487\">Juande Jaen Moreno<\/a>, Concejal de Bienestar Social ha obsequiado a l@s chic@s con una camiseta identificativa del Ayuntamiento de Bonares y se ha dirigido a todos con unas gratas y sencillas palabras de despedida, agradeciendo la labor que se desarrolla desde la Asociaci\u00f3n ofreci\u00e9ndonos su apoyo incondicional. Desde aqu\u00ed nuestro mas sincero agradecimiento.<br \/>\nHa sido una Acogida intensa este a\u00f1o. Desbordados de actividades pero disfrutadas masivamente por l@s chic@s, familias y amigos que se identifican con nuestro proyecto. EL DEBER HA SIDO CUMPLIDO UN A\u00d1O MAS.<br \/>\nGRACIAS A TODO EL EQUIPO HUMANO QUE HACE POSIBLE QUE COMPARTAMOS LO QUE TENEMOS AMOR Y VIDA.<\/span><\/p>\n<p style=\"text-align: justify;\"><a href=\"http:\/\/www.asnia.es\/wp-content\/uploads\/2015\/09\/11826039_10207379521024461_7610236389854214032_n.jpg\"><img loading=\"lazy\" decoding=\"async\" class=\"aligncenter size-full wp-image-4393\" src=\"http:\/\/www.asnia.es\/wp-content\/uploads\/2015\/09\/11826039_10207379521024461_7610236389854214032_n.jpg\" alt=\"11826039_10207379521024461_7610236389854214032_n\" width=\"960\" height=\"640\" srcset=\"https:\/\/www.asnia.es\/wp-content\/uploads\/2015\/09\/11826039_10207379521024461_7610236389854214032_n.jpg 960w, https:\/\/www.asnia.es\/wp-content\/uploads\/2015\/09\/11826039_10207379521024461_7610236389854214032_n-300x200.jpg 300w\" sizes=\"auto, (max-width: 960px) 100vw, 960px\" \/><\/a><\/p>\n","protected":false},"excerpt":{"rendered":"<p>Y llego el d\u00eda menos deseado en el a\u00f1o para nuestra Asociaci\u00f3n ASNIA HUELVA. Ell@s se marchan. Nosotros nos quedamos con sus ausencias. El coraz\u00f3n lleno, y a la vez vac\u00edo. Es inexplicable los lazos de uni\u00f3n. Los sentimientos afloran dominando la raz\u00f3n. Un nudo que no permite respirar al mirar sus ojos. La curva &hellip; <\/p>\n<p><a class=\"more-link btn\" href=\"https:\/\/www.asnia.es\/?p=4390\">Seguir leyendo<\/a><\/p>\n","protected":false},"author":1,"featured_media":0,"comment_status":"open","ping_status":"open","sticky":false,"template":"","format":"standard","meta":{"ngg_post_thumbnail":0,"footnotes":""},"categories":[1,18],"tags":[],"class_list":["post-4390","post","type-post","status-publish","format-standard","hentry","category-general","category-programa-2015","item-wrap"],"_links":{"self":[{"href":"https:\/\/www.asnia.es\/index.php?rest_route=\/wp\/v2\/posts\/4390","targetHints":{"allow":["GET"]}}],"collection":[{"href":"https:\/\/www.asnia.es\/index.php?rest_route=\/wp\/v2\/posts"}],"about":[{"href":"https:\/\/www.asnia.es\/index.php?rest_route=\/wp\/v2\/types\/post"}],"author":[{"embeddable":true,"href":"https:\/\/www.asnia.es\/index.php?rest_route=\/wp\/v2\/users\/1"}],"replies":[{"embeddable":true,"href":"https:\/\/www.asnia.es\/index.php?rest_route=%2Fwp%2Fv2%2Fcomments&post=4390"}],"version-history":[{"count":2,"href":"https:\/\/www.asnia.es\/index.php?rest_route=\/wp\/v2\/posts\/4390\/revisions"}],"predecessor-version":[{"id":4395,"href":"https:\/\/www.asnia.es\/index.php?rest_route=\/wp\/v2\/posts\/4390\/revisions\/4395"}],"wp:attachment":[{"href":"https:\/\/www.asnia.es\/index.php?rest_route=%2Fwp%2Fv2%2Fmedia&parent=4390"}],"wp:term":[{"taxonomy":"category","embeddable":true,"href":"https:\/\/www.asnia.es\/index.php?rest_route=%2Fwp%2Fv2%2Fcategories&post=4390"},{"taxonomy":"post_tag","embeddable":true,"href":"https:\/\/www.asnia.es\/index.php?rest_route=%2Fwp%2Fv2%2Ftags&post=4390"}],"curies":[{"name":"wp","href":"https:\/\/api.w.org\/{rel}","templated":true}]}}