{"id":4381,"date":"2015-07-28T23:29:32","date_gmt":"2015-07-28T21:29:32","guid":{"rendered":"http:\/\/www.asnia.es\/?p=4381"},"modified":"2015-08-31T23:36:40","modified_gmt":"2015-08-31T21:36:40","slug":"convivencia-con-voces-del-conquero-aquopolis-cartaya","status":"publish","type":"post","link":"https:\/\/www.asnia.es\/?p=4381","title":{"rendered":"CONVIVENCIA CON VOCES DEL CONQUERO. AQUOPOLIS CARTAYA"},"content":{"rendered":"<h3 style=\"text-align: justify;\"><\/h3>\n<h3 style=\"text-align: justify;\"><a href=\"http:\/\/www.asnia.es\/wp-content\/uploads\/2014\/05\/descarga.jpg\"><img loading=\"lazy\" decoding=\"async\" class=\"aligncenter size-full wp-image-3469\" src=\"http:\/\/www.asnia.es\/wp-content\/uploads\/2014\/05\/descarga.jpg\" alt=\"descarga\" width=\"383\" height=\"132\" srcset=\"https:\/\/www.asnia.es\/wp-content\/uploads\/2014\/05\/descarga.jpg 383w, https:\/\/www.asnia.es\/wp-content\/uploads\/2014\/05\/descarga-300x103.jpg 300w\" sizes=\"auto, (max-width: 383px) 100vw, 383px\" \/><\/a><\/h3>\n<h3 style=\"text-align: justify;\"><a href=\"http:\/\/www.asnia.es\/wp-content\/uploads\/2015\/08\/11825957_10207333992806284_7193411428778806451_n.jpg\"><img loading=\"lazy\" decoding=\"async\" class=\"aligncenter size-full wp-image-4382\" src=\"http:\/\/www.asnia.es\/wp-content\/uploads\/2015\/08\/11825957_10207333992806284_7193411428778806451_n.jpg\" alt=\"11825957_10207333992806284_7193411428778806451_n\" width=\"360\" height=\"240\" srcset=\"https:\/\/www.asnia.es\/wp-content\/uploads\/2015\/08\/11825957_10207333992806284_7193411428778806451_n.jpg 360w, https:\/\/www.asnia.es\/wp-content\/uploads\/2015\/08\/11825957_10207333992806284_7193411428778806451_n-300x200.jpg 300w\" sizes=\"auto, (max-width: 360px) 100vw, 360px\" \/><\/a><\/h3>\n<h3 style=\"text-align: justify;\">Unas pinceladas de lo que fue nuestro segundo e inesperado d\u00eda en Aquopolis de Cartaya en convivencia con la ASOCIACI\u00d3N VOCES DEL CONQUERO, por gentileza del Ayuntamiento de Huelva en el d\u00eda de hoy. M\u00e1s en nuestro USB anual a la venta el d\u00eda de salida de los chic@s, como cada a\u00f1o.<\/h3>\n<p>&nbsp;<\/p>\n","protected":false},"excerpt":{"rendered":"<p>Unas pinceladas de lo que fue nuestro segundo e inesperado d\u00eda en Aquopolis de Cartaya en convivencia con la ASOCIACI\u00d3N VOCES DEL CONQUERO, por gentileza del Ayuntamiento de Huelva en el d\u00eda de hoy. M\u00e1s en nuestro USB anual a la venta el d\u00eda de salida de los chic@s, como cada a\u00f1o. &nbsp;<\/p>\n","protected":false},"author":1,"featured_media":0,"comment_status":"open","ping_status":"open","sticky":false,"template":"","format":"standard","meta":{"ngg_post_thumbnail":0,"footnotes":""},"categories":[1,18],"tags":[],"class_list":["post-4381","post","type-post","status-publish","format-standard","hentry","category-general","category-programa-2015","item-wrap"],"_links":{"self":[{"href":"https:\/\/www.asnia.es\/index.php?rest_route=\/wp\/v2\/posts\/4381","targetHints":{"allow":["GET"]}}],"collection":[{"href":"https:\/\/www.asnia.es\/index.php?rest_route=\/wp\/v2\/posts"}],"about":[{"href":"https:\/\/www.asnia.es\/index.php?rest_route=\/wp\/v2\/types\/post"}],"author":[{"embeddable":true,"href":"https:\/\/www.asnia.es\/index.php?rest_route=\/wp\/v2\/users\/1"}],"replies":[{"embeddable":true,"href":"https:\/\/www.asnia.es\/index.php?rest_route=%2Fwp%2Fv2%2Fcomments&post=4381"}],"version-history":[{"count":2,"href":"https:\/\/www.asnia.es\/index.php?rest_route=\/wp\/v2\/posts\/4381\/revisions"}],"predecessor-version":[{"id":4384,"href":"https:\/\/www.asnia.es\/index.php?rest_route=\/wp\/v2\/posts\/4381\/revisions\/4384"}],"wp:attachment":[{"href":"https:\/\/www.asnia.es\/index.php?rest_route=%2Fwp%2Fv2%2Fmedia&parent=4381"}],"wp:term":[{"taxonomy":"category","embeddable":true,"href":"https:\/\/www.asnia.es\/index.php?rest_route=%2Fwp%2Fv2%2Fcategories&post=4381"},{"taxonomy":"post_tag","embeddable":true,"href":"https:\/\/www.asnia.es\/index.php?rest_route=%2Fwp%2Fv2%2Ftags&post=4381"}],"curies":[{"name":"wp","href":"https:\/\/api.w.org\/{rel}","templated":true}]}}