{"id":4345,"date":"2015-07-15T01:24:33","date_gmt":"2015-07-14T23:24:33","guid":{"rendered":"http:\/\/www.asnia.es\/?p=4345"},"modified":"2015-08-31T01:35:12","modified_gmt":"2015-08-30T23:35:12","slug":"proxima-actividad-salinas-del-astur-programada-por-asnia","status":"publish","type":"post","link":"https:\/\/www.asnia.es\/?p=4345","title":{"rendered":"PR\u00d3XIMA ACTIVIDAD SALINAS DEL ASTUR &#8211; PROGRAMADA POR ASNIA"},"content":{"rendered":"<p style=\"text-align: justify;\"><a href=\"http:\/\/www.asnia.es\/wp-content\/uploads\/2015\/08\/11745497_10207196246322708_2476707486039512723_n.jpg\"><img loading=\"lazy\" decoding=\"async\" class=\"aligncenter size-full wp-image-4347\" src=\"http:\/\/www.asnia.es\/wp-content\/uploads\/2015\/08\/11745497_10207196246322708_2476707486039512723_n.jpg\" alt=\"11745497_10207196246322708_2476707486039512723_n\" width=\"240\" height=\"108\" \/><\/a><\/p>\n<p style=\"text-align: justify;\"><a href=\"http:\/\/www.asnia.es\/wp-content\/uploads\/2015\/08\/11694878_10207196246202705_3883236628542007067_n.jpg\"><img loading=\"lazy\" decoding=\"async\" class=\"size-full wp-image-4346 alignleft\" src=\"http:\/\/www.asnia.es\/wp-content\/uploads\/2015\/08\/11694878_10207196246202705_3883236628542007067_n.jpg\" alt=\"11694878_10207196246202705_3883236628542007067_n\" width=\"240\" height=\"163\" \/><\/a>Bueno seguimos con nuestras actividades dentro de nuestro Programa de SANACION 2015. Vamos a por la que tenemos organizada este pr\u00f3ximo s\u00e1bado en el centro Medi<span class=\"text_exposed_show\">oambiental Salinas del Astur, gestionado por Foredunes en Punta Umbr\u00eda. Los chic@s practicaran visita para conocimiento del entorno, desayuno, talleres con materiales reciclados, gymcana, y pesca segura, pasaremos despu\u00e9s al almuerzo en el albergue Inturjoven de la Junta de Andaluc\u00eda y posteriormente tras un tiempo libre a pie de playa comenzar\u00e1n los juegos de playa y entrega de trofeos. Daremos por concluido el d\u00eda desde las 10,30 de la ma\u00f1ana hasta aproximadamente las 8 de la tarde. Ya solo queda disfrutar y GANAS DE PASAR UN D\u00cdA INOLVIDABLE!!!. Todo gracias a nuestros Cofinanciafores, DIPUTACI\u00d3N DE HUELVA (\u00c1rea cooperaci\u00f3n internacional) Y MATSA, Minas de Aguas Te\u00f1idas del Andevalo.<\/span><\/p>\n<p style=\"text-align: justify;\"><a href=\"http:\/\/www.asnia.es\/wp-content\/uploads\/2010\/07\/logoPortada.png\"><img loading=\"lazy\" decoding=\"async\" class=\"aligncenter size-full wp-image-4211\" src=\"http:\/\/www.asnia.es\/wp-content\/uploads\/2010\/07\/logoPortada.png\" alt=\"logoPortada\" width=\"259\" height=\"70\" \/><\/a><\/p>\n<p style=\"text-align: justify;\"><a href=\"http:\/\/www.asnia.es\/wp-content\/uploads\/2010\/07\/descarga.jpg\"><img loading=\"lazy\" decoding=\"async\" class=\"aligncenter  wp-image-4209\" src=\"http:\/\/www.asnia.es\/wp-content\/uploads\/2010\/07\/descarga.jpg\" alt=\"descarga\" width=\"252\" height=\"78\" srcset=\"https:\/\/www.asnia.es\/wp-content\/uploads\/2010\/07\/descarga.jpg 362w, https:\/\/www.asnia.es\/wp-content\/uploads\/2010\/07\/descarga-300x93.jpg 300w\" sizes=\"auto, (max-width: 252px) 100vw, 252px\" \/><\/a><\/p>\n","protected":false},"excerpt":{"rendered":"<p>Bueno seguimos con nuestras actividades dentro de nuestro Programa de SANACION 2015. Vamos a por la que tenemos organizada este pr\u00f3ximo s\u00e1bado en el centro Medioambiental Salinas del Astur, gestionado por Foredunes en Punta Umbr\u00eda. Los chic@s practicaran visita para conocimiento del entorno, desayuno, talleres con materiales reciclados, gymcana, y pesca segura, pasaremos despu\u00e9s al &hellip; <\/p>\n<p><a class=\"more-link btn\" href=\"https:\/\/www.asnia.es\/?p=4345\">Seguir leyendo<\/a><\/p>\n","protected":false},"author":1,"featured_media":0,"comment_status":"open","ping_status":"open","sticky":false,"template":"","format":"standard","meta":{"ngg_post_thumbnail":0,"footnotes":""},"categories":[1,18],"tags":[],"class_list":["post-4345","post","type-post","status-publish","format-standard","hentry","category-general","category-programa-2015","item-wrap"],"_links":{"self":[{"href":"https:\/\/www.asnia.es\/index.php?rest_route=\/wp\/v2\/posts\/4345","targetHints":{"allow":["GET"]}}],"collection":[{"href":"https:\/\/www.asnia.es\/index.php?rest_route=\/wp\/v2\/posts"}],"about":[{"href":"https:\/\/www.asnia.es\/index.php?rest_route=\/wp\/v2\/types\/post"}],"author":[{"embeddable":true,"href":"https:\/\/www.asnia.es\/index.php?rest_route=\/wp\/v2\/users\/1"}],"replies":[{"embeddable":true,"href":"https:\/\/www.asnia.es\/index.php?rest_route=%2Fwp%2Fv2%2Fcomments&post=4345"}],"version-history":[{"count":1,"href":"https:\/\/www.asnia.es\/index.php?rest_route=\/wp\/v2\/posts\/4345\/revisions"}],"predecessor-version":[{"id":4348,"href":"https:\/\/www.asnia.es\/index.php?rest_route=\/wp\/v2\/posts\/4345\/revisions\/4348"}],"wp:attachment":[{"href":"https:\/\/www.asnia.es\/index.php?rest_route=%2Fwp%2Fv2%2Fmedia&parent=4345"}],"wp:term":[{"taxonomy":"category","embeddable":true,"href":"https:\/\/www.asnia.es\/index.php?rest_route=%2Fwp%2Fv2%2Fcategories&post=4345"},{"taxonomy":"post_tag","embeddable":true,"href":"https:\/\/www.asnia.es\/index.php?rest_route=%2Fwp%2Fv2%2Ftags&post=4345"}],"curies":[{"name":"wp","href":"https:\/\/api.w.org\/{rel}","templated":true}]}}