{"id":4316,"date":"2015-07-12T00:27:44","date_gmt":"2015-07-11T22:27:44","guid":{"rendered":"http:\/\/www.asnia.es\/?p=4316"},"modified":"2015-09-01T02:00:33","modified_gmt":"2015-09-01T00:00:33","slug":"acuopolis-2015-programada-por-asnia","status":"publish","type":"post","link":"https:\/\/www.asnia.es\/?p=4316","title":{"rendered":"ACUOPOLIS 2015 &#8211; PROGRAMADA POR ASNIA"},"content":{"rendered":"<div class=\"_1dwg\">\n<div>\n<div>\n<div class=\"_5r69\">\n<div class=\"mtm\">\n<div class=\"mtm plm _5pcm\">\n<div class=\"mtm _5pco\" data-ft=\"{&quot;tn&quot;:&quot;K&quot;}\">\n<div id=\"id_55e37f52d9a3e4314648711\" class=\"text_exposed_root text_exposed\">\n<h3 style=\"text-align: justify;\"><a href=\"http:\/\/www.asnia.es\/wp-content\/uploads\/2015\/08\/IMG_7195.jpg\"><img loading=\"lazy\" decoding=\"async\" class=\"aligncenter size-full wp-image-4318\" src=\"http:\/\/www.asnia.es\/wp-content\/uploads\/2015\/08\/IMG_7195.jpg\" alt=\"IMG_7195\" width=\"2256\" height=\"1504\" srcset=\"https:\/\/www.asnia.es\/wp-content\/uploads\/2015\/08\/IMG_7195.jpg 2256w, https:\/\/www.asnia.es\/wp-content\/uploads\/2015\/08\/IMG_7195-300x200.jpg 300w, https:\/\/www.asnia.es\/wp-content\/uploads\/2015\/08\/IMG_7195-1024x683.jpg 1024w\" sizes=\"auto, (max-width: 2256px) 100vw, 2256px\" \/><\/a><\/h3>\n<h3 style=\"text-align: justify;\"><strong>Un d\u00eda espectacular, octavo a\u00f1o consecutivo solidario y siempre les saben a poco. Gracias al Aqu\u00f3polis de Cartaya, Diputaci\u00f3n de Huelva y Matsa, Minas de Aguas\u00a0<span class=\"text_exposed_show\">Te\u00f1idas del Andevalo. Agua, sol convivencia y ganas de divertirse!!! Os dejo como siempre el aperitivo, el reportaje completo en nuestro USB 2015 que saldr\u00e1 a la venta el d\u00eda de la despedida como cada a\u00f1o.<\/span><\/strong><\/h3>\n<p><a href=\"http:\/\/www.asnia.es\/wp-content\/uploads\/2015\/08\/IMG_7149.jpg\"><img loading=\"lazy\" decoding=\"async\" class=\"aligncenter size-full wp-image-4317\" src=\"http:\/\/www.asnia.es\/wp-content\/uploads\/2015\/08\/IMG_7149.jpg\" alt=\"IMG_7149\" width=\"2256\" height=\"1504\" srcset=\"https:\/\/www.asnia.es\/wp-content\/uploads\/2015\/08\/IMG_7149.jpg 2256w, https:\/\/www.asnia.es\/wp-content\/uploads\/2015\/08\/IMG_7149-300x200.jpg 300w, https:\/\/www.asnia.es\/wp-content\/uploads\/2015\/08\/IMG_7149-1024x683.jpg 1024w\" sizes=\"auto, (max-width: 2256px) 100vw, 2256px\" \/><\/a><\/p>\n<p>&nbsp;<\/p>\n<p>&nbsp;<\/p>\n<\/div>\n<h2 style=\"text-align: justify;\"><strong>COFINANCIADORES\u00a0<\/strong><\/h2>\n<p><a href=\"http:\/\/www.asnia.es\/wp-content\/uploads\/2010\/07\/logoPortada.png\"><img loading=\"lazy\" decoding=\"async\" class=\"aligncenter size-full wp-image-4211\" src=\"http:\/\/www.asnia.es\/wp-content\/uploads\/2010\/07\/logoPortada.png\" alt=\"logoPortada\" width=\"259\" height=\"70\" \/><\/a><\/p>\n<p><a href=\"http:\/\/www.asnia.es\/wp-content\/uploads\/2010\/07\/descarga.jpg\"><img loading=\"lazy\" decoding=\"async\" class=\"aligncenter wp-image-4209\" src=\"http:\/\/www.asnia.es\/wp-content\/uploads\/2010\/07\/descarga.jpg\" alt=\"descarga\" width=\"259\" height=\"80\" srcset=\"https:\/\/www.asnia.es\/wp-content\/uploads\/2010\/07\/descarga.jpg 362w, https:\/\/www.asnia.es\/wp-content\/uploads\/2010\/07\/descarga-300x93.jpg 300w\" sizes=\"auto, (max-width: 259px) 100vw, 259px\" \/><\/a><\/p>\n<\/div>\n<\/div>\n<\/div>\n<\/div>\n<\/div>\n<\/div>\n<\/div>\n<div>\n<form id=\"u_1b_z\" class=\"commentable_item collapsible_comments\" action=\"https:\/\/www.facebook.com\/ajax\/ufi\/modify.php\" method=\"post\" data-ft=\"{&quot;tn&quot;:&quot;]&quot;}\">\n<div class=\"clearfix _5ybo _2zfm _5yhh\">\n<div id=\"u_1b_14\" class=\"_3el2 lfloat _ohe\">\n<div data-reactid=\".ez\">\n<div class=\"__ji _2cx6\" data-reactid=\".ez.0\">\n<div data-reactid=\".ez.0.0.0\">s<\/div>\n<\/div>\n<\/div>\n<\/div>\n<\/div>\n<\/form>\n<\/div>\n","protected":false},"excerpt":{"rendered":"<p>Un d\u00eda espectacular, octavo a\u00f1o consecutivo solidario y siempre les saben a poco. Gracias al Aqu\u00f3polis de Cartaya, Diputaci\u00f3n de Huelva y Matsa, Minas de Aguas\u00a0Te\u00f1idas del Andevalo. Agua, sol convivencia y ganas de divertirse!!! Os dejo como siempre el aperitivo, el reportaje completo en nuestro USB 2015 que saldr\u00e1 a la venta el d\u00eda &hellip; <\/p>\n<p><a class=\"more-link btn\" href=\"https:\/\/www.asnia.es\/?p=4316\">Seguir leyendo<\/a><\/p>\n","protected":false},"author":1,"featured_media":0,"comment_status":"open","ping_status":"open","sticky":false,"template":"","format":"standard","meta":{"ngg_post_thumbnail":0,"footnotes":""},"categories":[1,18],"tags":[],"class_list":["post-4316","post","type-post","status-publish","format-standard","hentry","category-general","category-programa-2015","item-wrap"],"_links":{"self":[{"href":"https:\/\/www.asnia.es\/index.php?rest_route=\/wp\/v2\/posts\/4316","targetHints":{"allow":["GET"]}}],"collection":[{"href":"https:\/\/www.asnia.es\/index.php?rest_route=\/wp\/v2\/posts"}],"about":[{"href":"https:\/\/www.asnia.es\/index.php?rest_route=\/wp\/v2\/types\/post"}],"author":[{"embeddable":true,"href":"https:\/\/www.asnia.es\/index.php?rest_route=\/wp\/v2\/users\/1"}],"replies":[{"embeddable":true,"href":"https:\/\/www.asnia.es\/index.php?rest_route=%2Fwp%2Fv2%2Fcomments&post=4316"}],"version-history":[{"count":2,"href":"https:\/\/www.asnia.es\/index.php?rest_route=\/wp\/v2\/posts\/4316\/revisions"}],"predecessor-version":[{"id":4434,"href":"https:\/\/www.asnia.es\/index.php?rest_route=\/wp\/v2\/posts\/4316\/revisions\/4434"}],"wp:attachment":[{"href":"https:\/\/www.asnia.es\/index.php?rest_route=%2Fwp%2Fv2%2Fmedia&parent=4316"}],"wp:term":[{"taxonomy":"category","embeddable":true,"href":"https:\/\/www.asnia.es\/index.php?rest_route=%2Fwp%2Fv2%2Fcategories&post=4316"},{"taxonomy":"post_tag","embeddable":true,"href":"https:\/\/www.asnia.es\/index.php?rest_route=%2Fwp%2Fv2%2Ftags&post=4316"}],"curies":[{"name":"wp","href":"https:\/\/api.w.org\/{rel}","templated":true}]}}