{"id":4263,"date":"2015-06-23T21:01:22","date_gmt":"2015-06-23T19:01:22","guid":{"rendered":"http:\/\/www.asnia.es\/?p=4263"},"modified":"2015-08-30T21:16:37","modified_gmt":"2015-08-30T19:16:37","slug":"gracia-a-las-familias-voluntarios-y-colaboradores-desde-fedasib","status":"publish","type":"post","link":"https:\/\/www.asnia.es\/?p=4263","title":{"rendered":"GRACIA A LAS FAMILIAS, VOLUNTARIOS Y COLABORADORES DESDE FEDASIB"},"content":{"rendered":"<p style=\"text-align: justify;\">Estimadas familias Asociaciones y amigos, en nombre de cuantos colectivos representamos, esta Junta Directiva de FEDASIB, queremos dar la bienvenida a los prime<span class=\"text_exposed_show\">ros grupos de ni\u00f1os Bielorrusos que est\u00e1n llegando a nuestro Pa\u00eds, en el deseo que pasen unas felices vacaciones y que compartan con las familias espa\u00f1olas las mejores vivencias y afectos. Que todo para ellos sea cumplir con sus mejores expectativas, y sobre todo, que durante su estancia lo que predomine sea el cari\u00f1o y respeto mutuo. Por \u00faltimo, agradeceros y felicitaros a todos, el extraordinario trabajo y sacrificio que conlleva, la realizaci\u00f3n y ejecuci\u00f3n de estos programas de Saneamiento, as\u00ed como alentaros a continuar y salvar las innumerables dificultades que su realizaci\u00f3n lleva.<br \/>\n\u00a1\u00a1\u00a1\u00a1FELICES VACACIONES NI\u00d1OS\u00a1\u00a1\u00a1\u00a1<br \/>\nJUNTA DIRECTIVA FEDASIB<\/span><\/p>\n<div class=\"text_exposed_show\">\n<p style=\"text-align: justify;\">P.D.: Os animamos a que a la llegada de los grupos y a la realizaci\u00f3n de actividades, nos las hag\u00e1is llegar, para difundir por estos medios de FEDASIB a todo el mundo. GRACIAS<\/p>\n<\/div>\n","protected":false},"excerpt":{"rendered":"<p>Estimadas familias Asociaciones y amigos, en nombre de cuantos colectivos representamos, esta Junta Directiva de FEDASIB, queremos dar la bienvenida a los primeros grupos de ni\u00f1os Bielorrusos que est\u00e1n llegando a nuestro Pa\u00eds, en el deseo que pasen unas felices vacaciones y que compartan con las familias espa\u00f1olas las mejores vivencias y afectos. Que todo &hellip; <\/p>\n<p><a class=\"more-link btn\" href=\"https:\/\/www.asnia.es\/?p=4263\">Seguir leyendo<\/a><\/p>\n","protected":false},"author":1,"featured_media":0,"comment_status":"open","ping_status":"open","sticky":false,"template":"","format":"standard","meta":{"ngg_post_thumbnail":0,"footnotes":""},"categories":[1,18],"tags":[],"class_list":["post-4263","post","type-post","status-publish","format-standard","hentry","category-general","category-programa-2015","item-wrap"],"_links":{"self":[{"href":"https:\/\/www.asnia.es\/index.php?rest_route=\/wp\/v2\/posts\/4263","targetHints":{"allow":["GET"]}}],"collection":[{"href":"https:\/\/www.asnia.es\/index.php?rest_route=\/wp\/v2\/posts"}],"about":[{"href":"https:\/\/www.asnia.es\/index.php?rest_route=\/wp\/v2\/types\/post"}],"author":[{"embeddable":true,"href":"https:\/\/www.asnia.es\/index.php?rest_route=\/wp\/v2\/users\/1"}],"replies":[{"embeddable":true,"href":"https:\/\/www.asnia.es\/index.php?rest_route=%2Fwp%2Fv2%2Fcomments&post=4263"}],"version-history":[{"count":1,"href":"https:\/\/www.asnia.es\/index.php?rest_route=\/wp\/v2\/posts\/4263\/revisions"}],"predecessor-version":[{"id":4264,"href":"https:\/\/www.asnia.es\/index.php?rest_route=\/wp\/v2\/posts\/4263\/revisions\/4264"}],"wp:attachment":[{"href":"https:\/\/www.asnia.es\/index.php?rest_route=%2Fwp%2Fv2%2Fmedia&parent=4263"}],"wp:term":[{"taxonomy":"category","embeddable":true,"href":"https:\/\/www.asnia.es\/index.php?rest_route=%2Fwp%2Fv2%2Fcategories&post=4263"},{"taxonomy":"post_tag","embeddable":true,"href":"https:\/\/www.asnia.es\/index.php?rest_route=%2Fwp%2Fv2%2Ftags&post=4263"}],"curies":[{"name":"wp","href":"https:\/\/api.w.org\/{rel}","templated":true}]}}