{"id":4253,"date":"2015-04-29T20:26:37","date_gmt":"2015-04-29T18:26:37","guid":{"rendered":"http:\/\/www.asnia.es\/?p=4253"},"modified":"2015-08-30T20:42:27","modified_gmt":"2015-08-30T18:42:27","slug":"greenpeace-califica-de-catastrofico-el-incendio-en-la-zona-de-chernobyl","status":"publish","type":"post","link":"https:\/\/www.asnia.es\/?p=4253","title":{"rendered":"Greenpeace califica de \u00abcatastr\u00f3fico\u00bb el incendio en la zona de Chern\u00f3byl"},"content":{"rendered":"<p style=\"text-align: justify;\">\u00abActualmente en el \u00e1rea de Chern\u00f3byl, en una zona de 30 kil\u00f3metros alrededor de la central, se est\u00e1 propagando un importante <a href=\"http:\/\/actualidad.rt.com\/actualidad\/173306-chernobyl-incendio-forestal-planta-nuclear\" target=\"_blank\" rel=\"up\">incendio forestal<\/a>\u00a0y todo indica que es catastr\u00f3fico\u00bb, dijo el director\u00a0de la unidad forestal de Greenpeace Rusia, Alex\u00e9i Yaroshenko, en una entrevista a la emisora <a href=\"http:\/\/govoritmoskva.ru\/news\/37325\/\" target=\"_blank\">Govorit Moskv\u00e1<\/a>.<\/p>\n<p style=\"text-align: justify;\"><a href=\"http:\/\/actualidad.rt.com\/ultima_hora\/173345-chernobyl-greenpeace-califica-catastrofico-incendio\">VISUALIZAR NOTICIA<\/a><\/p>\n","protected":false},"excerpt":{"rendered":"<p>\u00abActualmente en el \u00e1rea de Chern\u00f3byl, en una zona de 30 kil\u00f3metros alrededor de la central, se est\u00e1 propagando un importante incendio forestal\u00a0y todo indica que es catastr\u00f3fico\u00bb, dijo el director\u00a0de la unidad forestal de Greenpeace Rusia, Alex\u00e9i Yaroshenko, en una entrevista a la emisora Govorit Moskv\u00e1. VISUALIZAR NOTICIA<\/p>\n","protected":false},"author":1,"featured_media":0,"comment_status":"open","ping_status":"open","sticky":false,"template":"","format":"standard","meta":{"ngg_post_thumbnail":0,"footnotes":""},"categories":[1,18],"tags":[],"class_list":["post-4253","post","type-post","status-publish","format-standard","hentry","category-general","category-programa-2015","item-wrap"],"_links":{"self":[{"href":"https:\/\/www.asnia.es\/index.php?rest_route=\/wp\/v2\/posts\/4253","targetHints":{"allow":["GET"]}}],"collection":[{"href":"https:\/\/www.asnia.es\/index.php?rest_route=\/wp\/v2\/posts"}],"about":[{"href":"https:\/\/www.asnia.es\/index.php?rest_route=\/wp\/v2\/types\/post"}],"author":[{"embeddable":true,"href":"https:\/\/www.asnia.es\/index.php?rest_route=\/wp\/v2\/users\/1"}],"replies":[{"embeddable":true,"href":"https:\/\/www.asnia.es\/index.php?rest_route=%2Fwp%2Fv2%2Fcomments&post=4253"}],"version-history":[{"count":1,"href":"https:\/\/www.asnia.es\/index.php?rest_route=\/wp\/v2\/posts\/4253\/revisions"}],"predecessor-version":[{"id":4254,"href":"https:\/\/www.asnia.es\/index.php?rest_route=\/wp\/v2\/posts\/4253\/revisions\/4254"}],"wp:attachment":[{"href":"https:\/\/www.asnia.es\/index.php?rest_route=%2Fwp%2Fv2%2Fmedia&parent=4253"}],"wp:term":[{"taxonomy":"category","embeddable":true,"href":"https:\/\/www.asnia.es\/index.php?rest_route=%2Fwp%2Fv2%2Fcategories&post=4253"},{"taxonomy":"post_tag","embeddable":true,"href":"https:\/\/www.asnia.es\/index.php?rest_route=%2Fwp%2Fv2%2Ftags&post=4253"}],"curies":[{"name":"wp","href":"https:\/\/api.w.org\/{rel}","templated":true}]}}