{"id":3828,"date":"2014-12-08T19:52:36","date_gmt":"2014-12-08T17:52:36","guid":{"rendered":"http:\/\/www.asnia.es\/?p=3828"},"modified":"2014-12-12T21:03:07","modified_gmt":"2014-12-12T19:03:07","slug":"i-feria-de-la-tapa-en-bonares-valoracion","status":"publish","type":"post","link":"https:\/\/www.asnia.es\/?p=3828","title":{"rendered":"I FERIA DE LA TAPA EN BONARES &#8211; VALORACION"},"content":{"rendered":"<p style=\"text-align: justify;\"><a href=\"http:\/\/www.asnia.es\/wp-content\/uploads\/2014\/12\/image2.jpeg\"><img loading=\"lazy\" decoding=\"async\" class=\"aligncenter wp-image-3829 \" src=\"http:\/\/www.asnia.es\/wp-content\/uploads\/2014\/12\/image2-1024x768.jpeg\" alt=\"image2\" width=\"733\" height=\"550\" srcset=\"https:\/\/www.asnia.es\/wp-content\/uploads\/2014\/12\/image2-1024x768.jpeg 1024w, https:\/\/www.asnia.es\/wp-content\/uploads\/2014\/12\/image2-300x225.jpeg 300w\" sizes=\"auto, (max-width: 733px) 100vw, 733px\" \/><\/a><\/p>\n<p style=\"text-align: justify;\">Pues hay que hacer una valoraci\u00f3n del todo positiva de nuestra participaci\u00f3n en la I FERIA DE LA TAPA EN BONARES (Huelva). Un proyecto que comenz\u00f3 lleno de dudas, termino siendo una grata experiencia de convivencia y de recaudaci\u00f3n de fondos para nuestros programas.<br \/>\nLa participaci\u00f3n de las familias fue al 100% generosa y con much\u00edsimas ganas de pasarlo bien y hacer tambi\u00e9n disfrutar al numeroso p\u00fablico que visit\u00f3 el recinto degustando nuestras tapas y guisos caseros elaborado<span class=\"text_exposed_show\">s por las familias, sin faltar nuestra gamba blanca y la reposter\u00eda igualmente son la solera de los dulces de siempre, exquisitas tartas donadas por reposteros amigos de la asociaci\u00f3n Javier Mu\u00f1oz y Seraf\u00edn Cabeza y el resto como son los dulces de leche, p\u00edononos de chocolate,crema cabello de \u00e1ngel, delicias de coco, sin pensar, roscos de naranja, medias lunas&#8230;y un lago etc acompa\u00f1ado de chocolate caliente, todo elaborado por las madres guardadoras<\/span><\/p>\n<p style=\"text-align: justify;\"><a href=\"http:\/\/www.asnia.es\/wp-content\/uploads\/2014\/12\/image141.jpeg\"><img loading=\"lazy\" decoding=\"async\" class=\"aligncenter wp-image-3830 \" src=\"http:\/\/www.asnia.es\/wp-content\/uploads\/2014\/12\/image141-1024x768.jpeg\" alt=\"image14(1)\" width=\"741\" height=\"556\" srcset=\"https:\/\/www.asnia.es\/wp-content\/uploads\/2014\/12\/image141-1024x768.jpeg 1024w, https:\/\/www.asnia.es\/wp-content\/uploads\/2014\/12\/image141-300x225.jpeg 300w\" sizes=\"auto, (max-width: 741px) 100vw, 741px\" \/><\/a><\/p>\n<p style=\"text-align: justify;\"><span class=\"text_exposed_show\"><br \/>\nTodo se consumi\u00f3 y se disfruto&#8230;creo que esta todo dicho. REPETIREMOS LA EXPERIENCIA.<\/span><\/p>\n<div class=\"text_exposed_show\">\n<p style=\"text-align: justify;\">Ahhhh&#8230;.no pod\u00edamos olvidarnos de que estuvimos amenizados por la Banda Municipal de M\u00fasica y los Campanilleros del Hogar del Pensionista de Bonares,<\/p>\n<p style=\"text-align: justify;\">Gracias a nuestros sponsor: DISTRIBUIDORA DE BEBIDAS SANTOS, FARMACIA M, DOLORES GARRIDO, ALQUILERES EL ALEM\u00c1N (SEVILLA)Y UN AN\u00d3NIMO DE LA PALMA.<\/p>\n<p style=\"text-align: justify;\">BUENO CREO QUE PODR\u00c9IS HACEROS A LA IDEA A TRAV\u00c9S DE ALGUNA DE NUESTRA IM\u00c1GENES&#8230;.esperamos que os guste.<\/p>\n<p style=\"text-align: justify;\">\n<p style=\"text-align: justify;\"><!-- default-view.php -->\n<div\n\tclass=\"ngg-galleryoverview default-view\n\t ngg-ajax-pagination-none\t\"\n\tid=\"ngg-gallery-026dff5dc3ee51a99d257fd5eb9aac5c-1\"\n\tdata-nextgen-gallery-id=\"75\"\n\tdata-gallery-id=\"75\"\n\t\tdata-gallery-name=\"I FERIA DE LA TAPA BONARES\"\n\t>\n\n\t\t<!-- Thumbnails -->\n\t\t\t\t<div id=\"ngg-image-0\" class=\"ngg-gallery-thumbnail-box\n\t\t\t\t\t\t\t\tngg-4-columns\t\t\t\"\n\t\t\t>\n\t\t\t\t\t\t<div class=\"ngg-gallery-thumbnail\">\n\t\t<a href=\"https:\/\/www.asnia.es\/wp-content\/gallery\/i-feria-de-la-tapa-bonares\/image21-FILEminimizer.jpeg?t=1418410993\"\n\t\t\ttitle=\"\"\n\t\t\tdata-src=\"https:\/\/www.asnia.es\/wp-content\/gallery\/i-feria-de-la-tapa-bonares\/image21-FILEminimizer.jpeg?t=1418410993\"\n\t\t\tdata-thumbnail=\"https:\/\/www.asnia.es\/wp-content\/gallery\/i-feria-de-la-tapa-bonares\/thumbs\/thumbs_image21-FILEminimizer.jpeg?t=1418410993\"\n\t\t\tdata-image-id=\"3469\"\n\t\t\tdata-image-name=\"image21-FILEminimizer.jpeg\"\n\t\t\tdata-title=\"image2(1) (FILEminimizer)\"\n\t\t\tdata-description=\"\"\n\t\t\tdata-image-slug=\"image21-fileminimizer\"\n\t\t\t\t\t\t\t\t\t\t\t\t\t\t\t\t\t\t\t\tclass=\"shutterset_026dff5dc3ee51a99d257fd5eb9aac5c\">\n\t\t\t\t\t\t\t\t<img\n\t\t\t\t\ttitle=\"image2(1) (FILEminimizer)\"\n\t\t\t\t\talt=\"image2(1) (FILEminimizer)\"\n\t\t\t\t\tsrc=\"https:\/\/www.asnia.es\/wp-content\/gallery\/i-feria-de-la-tapa-bonares\/thumbs\/thumbs_image21-FILEminimizer.jpeg?t=1418410993\"\n\t\t\t\t\twidth=\"100\"\n\t\t\t\t\theight=\"56\"\n\t\t\t\t\tstyle=\"max-width:100%;\"\n\t\t\t\t\/>\n\t\t\t<\/a>\n\t\t<\/div>\n\t\t\t\t\t\t\t<\/div>\n\t\t\t\n\t\t\t\t<div id=\"ngg-image-1\" class=\"ngg-gallery-thumbnail-box\n\t\t\t\t\t\t\t\tngg-4-columns\t\t\t\"\n\t\t\t>\n\t\t\t\t\t\t<div class=\"ngg-gallery-thumbnail\">\n\t\t<a href=\"https:\/\/www.asnia.es\/wp-content\/gallery\/i-feria-de-la-tapa-bonares\/image22-FILEminimizer.jpeg?t=1418409354\"\n\t\t\ttitle=\" \"\n\t\t\tdata-src=\"https:\/\/www.asnia.es\/wp-content\/gallery\/i-feria-de-la-tapa-bonares\/image22-FILEminimizer.jpeg?t=1418409354\"\n\t\t\tdata-thumbnail=\"https:\/\/www.asnia.es\/wp-content\/gallery\/i-feria-de-la-tapa-bonares\/thumbs\/thumbs_image22-FILEminimizer.jpeg?t=1418409354\"\n\t\t\tdata-image-id=\"3470\"\n\t\t\tdata-image-name=\"image22-FILEminimizer.jpeg\"\n\t\t\tdata-title=\"image2(2) (FILEminimizer)\"\n\t\t\tdata-description=\" \"\n\t\t\tdata-image-slug=\"image22-fileminimizer\"\n\t\t\t\t\t\t\t\t\t\t\t\t\t\t\t\t\t\t\t\tclass=\"shutterset_026dff5dc3ee51a99d257fd5eb9aac5c\">\n\t\t\t\t\t\t\t\t<img\n\t\t\t\t\ttitle=\"image2(2) (FILEminimizer)\"\n\t\t\t\t\talt=\"image2(2) (FILEminimizer)\"\n\t\t\t\t\tsrc=\"https:\/\/www.asnia.es\/wp-content\/gallery\/i-feria-de-la-tapa-bonares\/thumbs\/thumbs_image22-FILEminimizer.jpeg?t=1418409354\"\n\t\t\t\t\twidth=\"100\"\n\t\t\t\t\theight=\"75\"\n\t\t\t\t\tstyle=\"max-width:100%;\"\n\t\t\t\t\/>\n\t\t\t<\/a>\n\t\t<\/div>\n\t\t\t\t\t\t\t<\/div>\n\t\t\t\n\t\t\t\t<div id=\"ngg-image-2\" class=\"ngg-gallery-thumbnail-box\n\t\t\t\t\t\t\t\tngg-4-columns\t\t\t\"\n\t\t\t>\n\t\t\t\t\t\t<div class=\"ngg-gallery-thumbnail\">\n\t\t<a href=\"https:\/\/www.asnia.es\/wp-content\/gallery\/i-feria-de-la-tapa-bonares\/image41.jpeg?t=1418409356\"\n\t\t\ttitle=\" \"\n\t\t\tdata-src=\"https:\/\/www.asnia.es\/wp-content\/gallery\/i-feria-de-la-tapa-bonares\/image41.jpeg?t=1418409356\"\n\t\t\tdata-thumbnail=\"https:\/\/www.asnia.es\/wp-content\/gallery\/i-feria-de-la-tapa-bonares\/thumbs\/thumbs_image41.jpeg?t=1418409356\"\n\t\t\tdata-image-id=\"3471\"\n\t\t\tdata-image-name=\"image41.jpeg\"\n\t\t\tdata-title=\"image4(1)\"\n\t\t\tdata-description=\" \"\n\t\t\tdata-image-slug=\"image41\"\n\t\t\t\t\t\t\t\t\t\t\t\t\t\t\t\t\t\t\t\tclass=\"shutterset_026dff5dc3ee51a99d257fd5eb9aac5c\">\n\t\t\t\t\t\t\t\t<img\n\t\t\t\t\ttitle=\"image4(1)\"\n\t\t\t\t\talt=\"image4(1)\"\n\t\t\t\t\tsrc=\"https:\/\/www.asnia.es\/wp-content\/gallery\/i-feria-de-la-tapa-bonares\/thumbs\/thumbs_image41.jpeg?t=1418409356\"\n\t\t\t\t\twidth=\"100\"\n\t\t\t\t\theight=\"75\"\n\t\t\t\t\tstyle=\"max-width:100%;\"\n\t\t\t\t\/>\n\t\t\t<\/a>\n\t\t<\/div>\n\t\t\t\t\t\t\t<\/div>\n\t\t\t\n\t\t\t\t<div id=\"ngg-image-3\" class=\"ngg-gallery-thumbnail-box\n\t\t\t\t\t\t\t\tngg-4-columns\t\t\t\"\n\t\t\t>\n\t\t\t\t\t\t<div class=\"ngg-gallery-thumbnail\">\n\t\t<a href=\"https:\/\/www.asnia.es\/wp-content\/gallery\/i-feria-de-la-tapa-bonares\/image51-FILEminimizer.jpeg?t=1418409357\"\n\t\t\ttitle=\" \"\n\t\t\tdata-src=\"https:\/\/www.asnia.es\/wp-content\/gallery\/i-feria-de-la-tapa-bonares\/image51-FILEminimizer.jpeg?t=1418409357\"\n\t\t\tdata-thumbnail=\"https:\/\/www.asnia.es\/wp-content\/gallery\/i-feria-de-la-tapa-bonares\/thumbs\/thumbs_image51-FILEminimizer.jpeg?t=1418409357\"\n\t\t\tdata-image-id=\"3472\"\n\t\t\tdata-image-name=\"image51-FILEminimizer.jpeg\"\n\t\t\tdata-title=\"image5(1) (FILEminimizer)\"\n\t\t\tdata-description=\" \"\n\t\t\tdata-image-slug=\"image51-fileminimizer\"\n\t\t\t\t\t\t\t\t\t\t\t\t\t\t\t\t\t\t\t\tclass=\"shutterset_026dff5dc3ee51a99d257fd5eb9aac5c\">\n\t\t\t\t\t\t\t\t<img\n\t\t\t\t\ttitle=\"image5(1) (FILEminimizer)\"\n\t\t\t\t\talt=\"image5(1) (FILEminimizer)\"\n\t\t\t\t\tsrc=\"https:\/\/www.asnia.es\/wp-content\/gallery\/i-feria-de-la-tapa-bonares\/thumbs\/thumbs_image51-FILEminimizer.jpeg?t=1418409357\"\n\t\t\t\t\twidth=\"100\"\n\t\t\t\t\theight=\"75\"\n\t\t\t\t\tstyle=\"max-width:100%;\"\n\t\t\t\t\/>\n\t\t\t<\/a>\n\t\t<\/div>\n\t\t\t\t\t\t\t<\/div>\n\t\t\t\n\t\t\t\t<div id=\"ngg-image-4\" class=\"ngg-gallery-thumbnail-box\n\t\t\t\t\t\t\t\tngg-4-columns\t\t\t\"\n\t\t\t>\n\t\t\t\t\t\t<div class=\"ngg-gallery-thumbnail\">\n\t\t<a href=\"https:\/\/www.asnia.es\/wp-content\/gallery\/i-feria-de-la-tapa-bonares\/image61-FILEminimizer.jpeg?t=1418409358\"\n\t\t\ttitle=\" \"\n\t\t\tdata-src=\"https:\/\/www.asnia.es\/wp-content\/gallery\/i-feria-de-la-tapa-bonares\/image61-FILEminimizer.jpeg?t=1418409358\"\n\t\t\tdata-thumbnail=\"https:\/\/www.asnia.es\/wp-content\/gallery\/i-feria-de-la-tapa-bonares\/thumbs\/thumbs_image61-FILEminimizer.jpeg?t=1418409358\"\n\t\t\tdata-image-id=\"3473\"\n\t\t\tdata-image-name=\"image61-FILEminimizer.jpeg\"\n\t\t\tdata-title=\"image6(1) (FILEminimizer)\"\n\t\t\tdata-description=\" \"\n\t\t\tdata-image-slug=\"image61-fileminimizer\"\n\t\t\t\t\t\t\t\t\t\t\t\t\t\t\t\t\t\t\t\tclass=\"shutterset_026dff5dc3ee51a99d257fd5eb9aac5c\">\n\t\t\t\t\t\t\t\t<img\n\t\t\t\t\ttitle=\"image6(1) (FILEminimizer)\"\n\t\t\t\t\talt=\"image6(1) (FILEminimizer)\"\n\t\t\t\t\tsrc=\"https:\/\/www.asnia.es\/wp-content\/gallery\/i-feria-de-la-tapa-bonares\/thumbs\/thumbs_image61-FILEminimizer.jpeg?t=1418409358\"\n\t\t\t\t\twidth=\"100\"\n\t\t\t\t\theight=\"75\"\n\t\t\t\t\tstyle=\"max-width:100%;\"\n\t\t\t\t\/>\n\t\t\t<\/a>\n\t\t<\/div>\n\t\t\t\t\t\t\t<\/div>\n\t\t\t\n\t\t\t\t<div id=\"ngg-image-5\" class=\"ngg-gallery-thumbnail-box\n\t\t\t\t\t\t\t\tngg-4-columns\t\t\t\"\n\t\t\t>\n\t\t\t\t\t\t<div class=\"ngg-gallery-thumbnail\">\n\t\t<a href=\"https:\/\/www.asnia.es\/wp-content\/gallery\/i-feria-de-la-tapa-bonares\/image62-FILEminimizer.jpeg?t=1418409359\"\n\t\t\ttitle=\" \"\n\t\t\tdata-src=\"https:\/\/www.asnia.es\/wp-content\/gallery\/i-feria-de-la-tapa-bonares\/image62-FILEminimizer.jpeg?t=1418409359\"\n\t\t\tdata-thumbnail=\"https:\/\/www.asnia.es\/wp-content\/gallery\/i-feria-de-la-tapa-bonares\/thumbs\/thumbs_image62-FILEminimizer.jpeg?t=1418409359\"\n\t\t\tdata-image-id=\"3474\"\n\t\t\tdata-image-name=\"image62-FILEminimizer.jpeg\"\n\t\t\tdata-title=\"image6(2) (FILEminimizer)\"\n\t\t\tdata-description=\" \"\n\t\t\tdata-image-slug=\"image62-fileminimizer\"\n\t\t\t\t\t\t\t\t\t\t\t\t\t\t\t\t\t\t\t\tclass=\"shutterset_026dff5dc3ee51a99d257fd5eb9aac5c\">\n\t\t\t\t\t\t\t\t<img\n\t\t\t\t\ttitle=\"image6(2) (FILEminimizer)\"\n\t\t\t\t\talt=\"image6(2) (FILEminimizer)\"\n\t\t\t\t\tsrc=\"https:\/\/www.asnia.es\/wp-content\/gallery\/i-feria-de-la-tapa-bonares\/thumbs\/thumbs_image62-FILEminimizer.jpeg?t=1418409359\"\n\t\t\t\t\twidth=\"100\"\n\t\t\t\t\theight=\"75\"\n\t\t\t\t\tstyle=\"max-width:100%;\"\n\t\t\t\t\/>\n\t\t\t<\/a>\n\t\t<\/div>\n\t\t\t\t\t\t\t<\/div>\n\t\t\t\n\t\t\t\t<div id=\"ngg-image-6\" class=\"ngg-gallery-thumbnail-box\n\t\t\t\t\t\t\t\tngg-4-columns\t\t\t\"\n\t\t\t>\n\t\t\t\t\t\t<div class=\"ngg-gallery-thumbnail\">\n\t\t<a href=\"https:\/\/www.asnia.es\/wp-content\/gallery\/i-feria-de-la-tapa-bonares\/image82-FILEminimizer.jpeg?t=1418409361\"\n\t\t\ttitle=\" \"\n\t\t\tdata-src=\"https:\/\/www.asnia.es\/wp-content\/gallery\/i-feria-de-la-tapa-bonares\/image82-FILEminimizer.jpeg?t=1418409361\"\n\t\t\tdata-thumbnail=\"https:\/\/www.asnia.es\/wp-content\/gallery\/i-feria-de-la-tapa-bonares\/thumbs\/thumbs_image82-FILEminimizer.jpeg?t=1418409361\"\n\t\t\tdata-image-id=\"3475\"\n\t\t\tdata-image-name=\"image82-FILEminimizer.jpeg\"\n\t\t\tdata-title=\"image8(2) (FILEminimizer)\"\n\t\t\tdata-description=\" \"\n\t\t\tdata-image-slug=\"image82-fileminimizer\"\n\t\t\t\t\t\t\t\t\t\t\t\t\t\t\t\t\t\t\t\tclass=\"shutterset_026dff5dc3ee51a99d257fd5eb9aac5c\">\n\t\t\t\t\t\t\t\t<img\n\t\t\t\t\ttitle=\"image8(2) (FILEminimizer)\"\n\t\t\t\t\talt=\"image8(2) (FILEminimizer)\"\n\t\t\t\t\tsrc=\"https:\/\/www.asnia.es\/wp-content\/gallery\/i-feria-de-la-tapa-bonares\/thumbs\/thumbs_image82-FILEminimizer.jpeg?t=1418409361\"\n\t\t\t\t\twidth=\"100\"\n\t\t\t\t\theight=\"75\"\n\t\t\t\t\tstyle=\"max-width:100%;\"\n\t\t\t\t\/>\n\t\t\t<\/a>\n\t\t<\/div>\n\t\t\t\t\t\t\t<\/div>\n\t\t\t\n\t\t\t\t<div id=\"ngg-image-7\" class=\"ngg-gallery-thumbnail-box\n\t\t\t\t\t\t\t\tngg-4-columns\t\t\t\"\n\t\t\t>\n\t\t\t\t\t\t<div class=\"ngg-gallery-thumbnail\">\n\t\t<a href=\"https:\/\/www.asnia.es\/wp-content\/gallery\/i-feria-de-la-tapa-bonares\/image91-FILEminimizer.jpeg?t=1418409362\"\n\t\t\ttitle=\" \"\n\t\t\tdata-src=\"https:\/\/www.asnia.es\/wp-content\/gallery\/i-feria-de-la-tapa-bonares\/image91-FILEminimizer.jpeg?t=1418409362\"\n\t\t\tdata-thumbnail=\"https:\/\/www.asnia.es\/wp-content\/gallery\/i-feria-de-la-tapa-bonares\/thumbs\/thumbs_image91-FILEminimizer.jpeg?t=1418409362\"\n\t\t\tdata-image-id=\"3476\"\n\t\t\tdata-image-name=\"image91-FILEminimizer.jpeg\"\n\t\t\tdata-title=\"image9(1) (FILEminimizer)\"\n\t\t\tdata-description=\" \"\n\t\t\tdata-image-slug=\"image91-fileminimizer\"\n\t\t\t\t\t\t\t\t\t\t\t\t\t\t\t\t\t\t\t\tclass=\"shutterset_026dff5dc3ee51a99d257fd5eb9aac5c\">\n\t\t\t\t\t\t\t\t<img\n\t\t\t\t\ttitle=\"image9(1) (FILEminimizer)\"\n\t\t\t\t\talt=\"image9(1) (FILEminimizer)\"\n\t\t\t\t\tsrc=\"https:\/\/www.asnia.es\/wp-content\/gallery\/i-feria-de-la-tapa-bonares\/thumbs\/thumbs_image91-FILEminimizer.jpeg?t=1418409362\"\n\t\t\t\t\twidth=\"100\"\n\t\t\t\t\theight=\"75\"\n\t\t\t\t\tstyle=\"max-width:100%;\"\n\t\t\t\t\/>\n\t\t\t<\/a>\n\t\t<\/div>\n\t\t\t\t\t\t\t<\/div>\n\t\t\t\n\t\t\t\t<div id=\"ngg-image-8\" class=\"ngg-gallery-thumbnail-box\n\t\t\t\t\t\t\t\tngg-4-columns\t\t\t\"\n\t\t\t>\n\t\t\t\t\t\t<div class=\"ngg-gallery-thumbnail\">\n\t\t<a href=\"https:\/\/www.asnia.es\/wp-content\/gallery\/i-feria-de-la-tapa-bonares\/image102-FILEminimizer.jpeg?t=1418409364\"\n\t\t\ttitle=\" \"\n\t\t\tdata-src=\"https:\/\/www.asnia.es\/wp-content\/gallery\/i-feria-de-la-tapa-bonares\/image102-FILEminimizer.jpeg?t=1418409364\"\n\t\t\tdata-thumbnail=\"https:\/\/www.asnia.es\/wp-content\/gallery\/i-feria-de-la-tapa-bonares\/thumbs\/thumbs_image102-FILEminimizer.jpeg?t=1418409364\"\n\t\t\tdata-image-id=\"3477\"\n\t\t\tdata-image-name=\"image102-FILEminimizer.jpeg\"\n\t\t\tdata-title=\"image10(2) (FILEminimizer)\"\n\t\t\tdata-description=\" \"\n\t\t\tdata-image-slug=\"image102-fileminimizer\"\n\t\t\t\t\t\t\t\t\t\t\t\t\t\t\t\t\t\t\t\tclass=\"shutterset_026dff5dc3ee51a99d257fd5eb9aac5c\">\n\t\t\t\t\t\t\t\t<img\n\t\t\t\t\ttitle=\"image10(2) (FILEminimizer)\"\n\t\t\t\t\talt=\"image10(2) (FILEminimizer)\"\n\t\t\t\t\tsrc=\"https:\/\/www.asnia.es\/wp-content\/gallery\/i-feria-de-la-tapa-bonares\/thumbs\/thumbs_image102-FILEminimizer.jpeg?t=1418409364\"\n\t\t\t\t\twidth=\"100\"\n\t\t\t\t\theight=\"75\"\n\t\t\t\t\tstyle=\"max-width:100%;\"\n\t\t\t\t\/>\n\t\t\t<\/a>\n\t\t<\/div>\n\t\t\t\t\t\t\t<\/div>\n\t\t\t\n\t\t\t\t<div id=\"ngg-image-9\" class=\"ngg-gallery-thumbnail-box\n\t\t\t\t\t\t\t\tngg-4-columns\t\t\t\"\n\t\t\t>\n\t\t\t\t\t\t<div class=\"ngg-gallery-thumbnail\">\n\t\t<a href=\"https:\/\/www.asnia.es\/wp-content\/gallery\/i-feria-de-la-tapa-bonares\/image112-FILEminimizer.jpeg?t=1418409365\"\n\t\t\ttitle=\" \"\n\t\t\tdata-src=\"https:\/\/www.asnia.es\/wp-content\/gallery\/i-feria-de-la-tapa-bonares\/image112-FILEminimizer.jpeg?t=1418409365\"\n\t\t\tdata-thumbnail=\"https:\/\/www.asnia.es\/wp-content\/gallery\/i-feria-de-la-tapa-bonares\/thumbs\/thumbs_image112-FILEminimizer.jpeg?t=1418409365\"\n\t\t\tdata-image-id=\"3478\"\n\t\t\tdata-image-name=\"image112-FILEminimizer.jpeg\"\n\t\t\tdata-title=\"image11(2) (FILEminimizer)\"\n\t\t\tdata-description=\" \"\n\t\t\tdata-image-slug=\"image112-fileminimizer\"\n\t\t\t\t\t\t\t\t\t\t\t\t\t\t\t\t\t\t\t\tclass=\"shutterset_026dff5dc3ee51a99d257fd5eb9aac5c\">\n\t\t\t\t\t\t\t\t<img\n\t\t\t\t\ttitle=\"image11(2) (FILEminimizer)\"\n\t\t\t\t\talt=\"image11(2) (FILEminimizer)\"\n\t\t\t\t\tsrc=\"https:\/\/www.asnia.es\/wp-content\/gallery\/i-feria-de-la-tapa-bonares\/thumbs\/thumbs_image112-FILEminimizer.jpeg?t=1418409365\"\n\t\t\t\t\twidth=\"100\"\n\t\t\t\t\theight=\"75\"\n\t\t\t\t\tstyle=\"max-width:100%;\"\n\t\t\t\t\/>\n\t\t\t<\/a>\n\t\t<\/div>\n\t\t\t\t\t\t\t<\/div>\n\t\t\t\n\t\t\t\t<div id=\"ngg-image-10\" class=\"ngg-gallery-thumbnail-box\n\t\t\t\t\t\t\t\tngg-4-columns\t\t\t\"\n\t\t\t>\n\t\t\t\t\t\t<div class=\"ngg-gallery-thumbnail\">\n\t\t<a href=\"https:\/\/www.asnia.es\/wp-content\/gallery\/i-feria-de-la-tapa-bonares\/image13-FILEminimizer.jpeg?t=1418409366\"\n\t\t\ttitle=\" \"\n\t\t\tdata-src=\"https:\/\/www.asnia.es\/wp-content\/gallery\/i-feria-de-la-tapa-bonares\/image13-FILEminimizer.jpeg?t=1418409366\"\n\t\t\tdata-thumbnail=\"https:\/\/www.asnia.es\/wp-content\/gallery\/i-feria-de-la-tapa-bonares\/thumbs\/thumbs_image13-FILEminimizer.jpeg?t=1418409366\"\n\t\t\tdata-image-id=\"3479\"\n\t\t\tdata-image-name=\"image13-FILEminimizer.jpeg\"\n\t\t\tdata-title=\"image13 (FILEminimizer)\"\n\t\t\tdata-description=\" \"\n\t\t\tdata-image-slug=\"image13-fileminimizer\"\n\t\t\t\t\t\t\t\t\t\t\t\t\t\t\t\t\t\t\t\tclass=\"shutterset_026dff5dc3ee51a99d257fd5eb9aac5c\">\n\t\t\t\t\t\t\t\t<img\n\t\t\t\t\ttitle=\"image13 (FILEminimizer)\"\n\t\t\t\t\talt=\"image13 (FILEminimizer)\"\n\t\t\t\t\tsrc=\"https:\/\/www.asnia.es\/wp-content\/gallery\/i-feria-de-la-tapa-bonares\/thumbs\/thumbs_image13-FILEminimizer.jpeg?t=1418409366\"\n\t\t\t\t\twidth=\"100\"\n\t\t\t\t\theight=\"56\"\n\t\t\t\t\tstyle=\"max-width:100%;\"\n\t\t\t\t\/>\n\t\t\t<\/a>\n\t\t<\/div>\n\t\t\t\t\t\t\t<\/div>\n\t\t\t\n\t\t\t\t<div id=\"ngg-image-11\" class=\"ngg-gallery-thumbnail-box\n\t\t\t\t\t\t\t\tngg-4-columns\t\t\t\"\n\t\t\t>\n\t\t\t\t\t\t<div class=\"ngg-gallery-thumbnail\">\n\t\t<a href=\"https:\/\/www.asnia.es\/wp-content\/gallery\/i-feria-de-la-tapa-bonares\/image131-FILEminimizer.jpeg?t=1418409368\"\n\t\t\ttitle=\" \"\n\t\t\tdata-src=\"https:\/\/www.asnia.es\/wp-content\/gallery\/i-feria-de-la-tapa-bonares\/image131-FILEminimizer.jpeg?t=1418409368\"\n\t\t\tdata-thumbnail=\"https:\/\/www.asnia.es\/wp-content\/gallery\/i-feria-de-la-tapa-bonares\/thumbs\/thumbs_image131-FILEminimizer.jpeg?t=1418409368\"\n\t\t\tdata-image-id=\"3480\"\n\t\t\tdata-image-name=\"image131-FILEminimizer.jpeg\"\n\t\t\tdata-title=\"image13(1) (FILEminimizer)\"\n\t\t\tdata-description=\" \"\n\t\t\tdata-image-slug=\"image131-fileminimizer\"\n\t\t\t\t\t\t\t\t\t\t\t\t\t\t\t\t\t\t\t\tclass=\"shutterset_026dff5dc3ee51a99d257fd5eb9aac5c\">\n\t\t\t\t\t\t\t\t<img\n\t\t\t\t\ttitle=\"image13(1) (FILEminimizer)\"\n\t\t\t\t\talt=\"image13(1) (FILEminimizer)\"\n\t\t\t\t\tsrc=\"https:\/\/www.asnia.es\/wp-content\/gallery\/i-feria-de-la-tapa-bonares\/thumbs\/thumbs_image131-FILEminimizer.jpeg?t=1418409368\"\n\t\t\t\t\twidth=\"100\"\n\t\t\t\t\theight=\"75\"\n\t\t\t\t\tstyle=\"max-width:100%;\"\n\t\t\t\t\/>\n\t\t\t<\/a>\n\t\t<\/div>\n\t\t\t\t\t\t\t<\/div>\n\t\t\t\n\t\t\t\t<div id=\"ngg-image-12\" class=\"ngg-gallery-thumbnail-box\n\t\t\t\t\t\t\t\tngg-4-columns\t\t\t\"\n\t\t\t>\n\t\t\t\t\t\t<div class=\"ngg-gallery-thumbnail\">\n\t\t<a href=\"https:\/\/www.asnia.es\/wp-content\/gallery\/i-feria-de-la-tapa-bonares\/image171-FILEminimizer.jpeg?t=1418409370\"\n\t\t\ttitle=\" \"\n\t\t\tdata-src=\"https:\/\/www.asnia.es\/wp-content\/gallery\/i-feria-de-la-tapa-bonares\/image171-FILEminimizer.jpeg?t=1418409370\"\n\t\t\tdata-thumbnail=\"https:\/\/www.asnia.es\/wp-content\/gallery\/i-feria-de-la-tapa-bonares\/thumbs\/thumbs_image171-FILEminimizer.jpeg?t=1418409370\"\n\t\t\tdata-image-id=\"3481\"\n\t\t\tdata-image-name=\"image171-FILEminimizer.jpeg\"\n\t\t\tdata-title=\"image17(1) (FILEminimizer)\"\n\t\t\tdata-description=\" \"\n\t\t\tdata-image-slug=\"image171-fileminimizer\"\n\t\t\t\t\t\t\t\t\t\t\t\t\t\t\t\t\t\t\t\tclass=\"shutterset_026dff5dc3ee51a99d257fd5eb9aac5c\">\n\t\t\t\t\t\t\t\t<img\n\t\t\t\t\ttitle=\"image17(1) (FILEminimizer)\"\n\t\t\t\t\talt=\"image17(1) (FILEminimizer)\"\n\t\t\t\t\tsrc=\"https:\/\/www.asnia.es\/wp-content\/gallery\/i-feria-de-la-tapa-bonares\/thumbs\/thumbs_image171-FILEminimizer.jpeg?t=1418409370\"\n\t\t\t\t\twidth=\"100\"\n\t\t\t\t\theight=\"56\"\n\t\t\t\t\tstyle=\"max-width:100%;\"\n\t\t\t\t\/>\n\t\t\t<\/a>\n\t\t<\/div>\n\t\t\t\t\t\t\t<\/div>\n\t\t\t\n\t\n\t<br style=\"clear: both\" \/>\n\n\t\n\t\t<!-- Pagination -->\n\t\t<div class='ngg-clear'><\/div>\t<\/div>\n<\/p>\n<p style=\"text-align: justify;\">\n<\/div>\n","protected":false},"excerpt":{"rendered":"<p>Pues hay que hacer una valoraci\u00f3n del todo positiva de nuestra participaci\u00f3n en la I FERIA DE LA TAPA EN BONARES (Huelva). Un proyecto que comenz\u00f3 lleno de dudas, termino siendo una grata experiencia de convivencia y de recaudaci\u00f3n de fondos para nuestros programas. La participaci\u00f3n de las familias fue al 100% generosa y con &hellip; <\/p>\n<p><a class=\"more-link btn\" href=\"https:\/\/www.asnia.es\/?p=3828\">Seguir leyendo<\/a><\/p>\n","protected":false},"author":1,"featured_media":0,"comment_status":"open","ping_status":"open","sticky":false,"template":"","format":"standard","meta":{"ngg_post_thumbnail":0,"footnotes":""},"categories":[1,18],"tags":[],"class_list":["post-3828","post","type-post","status-publish","format-standard","hentry","category-general","category-programa-2015","item-wrap"],"_links":{"self":[{"href":"https:\/\/www.asnia.es\/index.php?rest_route=\/wp\/v2\/posts\/3828","targetHints":{"allow":["GET"]}}],"collection":[{"href":"https:\/\/www.asnia.es\/index.php?rest_route=\/wp\/v2\/posts"}],"about":[{"href":"https:\/\/www.asnia.es\/index.php?rest_route=\/wp\/v2\/types\/post"}],"author":[{"embeddable":true,"href":"https:\/\/www.asnia.es\/index.php?rest_route=\/wp\/v2\/users\/1"}],"replies":[{"embeddable":true,"href":"https:\/\/www.asnia.es\/index.php?rest_route=%2Fwp%2Fv2%2Fcomments&post=3828"}],"version-history":[{"count":4,"href":"https:\/\/www.asnia.es\/index.php?rest_route=\/wp\/v2\/posts\/3828\/revisions"}],"predecessor-version":[{"id":3926,"href":"https:\/\/www.asnia.es\/index.php?rest_route=\/wp\/v2\/posts\/3828\/revisions\/3926"}],"wp:attachment":[{"href":"https:\/\/www.asnia.es\/index.php?rest_route=%2Fwp%2Fv2%2Fmedia&parent=3828"}],"wp:term":[{"taxonomy":"category","embeddable":true,"href":"https:\/\/www.asnia.es\/index.php?rest_route=%2Fwp%2Fv2%2Fcategories&post=3828"},{"taxonomy":"post_tag","embeddable":true,"href":"https:\/\/www.asnia.es\/index.php?rest_route=%2Fwp%2Fv2%2Ftags&post=3828"}],"curies":[{"name":"wp","href":"https:\/\/api.w.org\/{rel}","templated":true}]}}