{"id":3660,"date":"2014-12-03T23:46:13","date_gmt":"2014-12-03T21:46:13","guid":{"rendered":"http:\/\/www.asnia.es\/?p=3660"},"modified":"2014-12-03T23:46:13","modified_gmt":"2014-12-03T21:46:13","slug":"i-feria-de-la-tapa-en-bonares-salon-los-olivos","status":"publish","type":"post","link":"https:\/\/www.asnia.es\/?p=3660","title":{"rendered":"I FERIA DE LA TAPA EN BONARES &#8211; SALON LOS OLIVOS"},"content":{"rendered":"<p style=\"text-align: justify;\"><span style=\"color: #141823;\">OS ESPERAMOS LOS D\u00cdAS 6 Y 7 de Diciembre en la I FERIA DE LA TAPA EN BONARES. Estaremos a vuestra disposici\u00f3n para que pod\u00e1is degustar las espectaculares tapas que nuestras familias han cocinado a beneficio de nuestros chicos. Tambi\u00e9n os sorprenderemos con nuestra especialidad del d\u00eda y para el postre, pues seguro que os ofreceremos deliciosas alternativas. ANIMAOS, PASAOS A VISITARNOS Y A CONOCER ALGO MAS DE CERCA NUESTRO TRABAJO<\/span><\/p>\n<p style=\"text-align: justify;\"><a href=\"http:\/\/www.asnia.es\/wp-content\/uploads\/2014\/12\/10405509_10205244331886067_847015215181508928_n.jpg\"><img loading=\"lazy\" decoding=\"async\" class=\"aligncenter wp-image-3661 \" src=\"http:\/\/www.asnia.es\/wp-content\/uploads\/2014\/12\/10405509_10205244331886067_847015215181508928_n-300x295.jpg\" alt=\"10405509_10205244331886067_847015215181508928_n\" width=\"463\" height=\"456\" srcset=\"https:\/\/www.asnia.es\/wp-content\/uploads\/2014\/12\/10405509_10205244331886067_847015215181508928_n-300x295.jpg 300w, https:\/\/www.asnia.es\/wp-content\/uploads\/2014\/12\/10405509_10205244331886067_847015215181508928_n.jpg 843w\" sizes=\"auto, (max-width: 463px) 100vw, 463px\" \/><\/a><\/p>\n","protected":false},"excerpt":{"rendered":"<p>OS ESPERAMOS LOS D\u00cdAS 6 Y 7 de Diciembre en la I FERIA DE LA TAPA EN BONARES. Estaremos a vuestra disposici\u00f3n para que pod\u00e1is degustar las espectaculares tapas que nuestras familias han cocinado a beneficio de nuestros chicos. Tambi\u00e9n os sorprenderemos con nuestra especialidad del d\u00eda y para el postre, pues seguro que os &hellip; <\/p>\n<p><a class=\"more-link btn\" href=\"https:\/\/www.asnia.es\/?p=3660\">Seguir leyendo<\/a><\/p>\n","protected":false},"author":1,"featured_media":0,"comment_status":"open","ping_status":"open","sticky":false,"template":"","format":"standard","meta":{"ngg_post_thumbnail":0,"footnotes":""},"categories":[1,18],"tags":[],"class_list":["post-3660","post","type-post","status-publish","format-standard","hentry","category-general","category-programa-2015","item-wrap"],"_links":{"self":[{"href":"https:\/\/www.asnia.es\/index.php?rest_route=\/wp\/v2\/posts\/3660","targetHints":{"allow":["GET"]}}],"collection":[{"href":"https:\/\/www.asnia.es\/index.php?rest_route=\/wp\/v2\/posts"}],"about":[{"href":"https:\/\/www.asnia.es\/index.php?rest_route=\/wp\/v2\/types\/post"}],"author":[{"embeddable":true,"href":"https:\/\/www.asnia.es\/index.php?rest_route=\/wp\/v2\/users\/1"}],"replies":[{"embeddable":true,"href":"https:\/\/www.asnia.es\/index.php?rest_route=%2Fwp%2Fv2%2Fcomments&post=3660"}],"version-history":[{"count":1,"href":"https:\/\/www.asnia.es\/index.php?rest_route=\/wp\/v2\/posts\/3660\/revisions"}],"predecessor-version":[{"id":3662,"href":"https:\/\/www.asnia.es\/index.php?rest_route=\/wp\/v2\/posts\/3660\/revisions\/3662"}],"wp:attachment":[{"href":"https:\/\/www.asnia.es\/index.php?rest_route=%2Fwp%2Fv2%2Fmedia&parent=3660"}],"wp:term":[{"taxonomy":"category","embeddable":true,"href":"https:\/\/www.asnia.es\/index.php?rest_route=%2Fwp%2Fv2%2Fcategories&post=3660"},{"taxonomy":"post_tag","embeddable":true,"href":"https:\/\/www.asnia.es\/index.php?rest_route=%2Fwp%2Fv2%2Ftags&post=3660"}],"curies":[{"name":"wp","href":"https:\/\/api.w.org\/{rel}","templated":true}]}}