{"id":3610,"date":"2014-04-11T16:05:23","date_gmt":"2014-04-11T14:05:23","guid":{"rendered":"http:\/\/www.asnia.es\/?p=3610"},"modified":"2014-11-10T16:30:39","modified_gmt":"2014-11-10T14:30:39","slug":"reunion-director-departamento-de-ayuda-humanitaria-del-gobierno-de-bielorrusia-sr-koliada","status":"publish","type":"post","link":"https:\/\/www.asnia.es\/?p=3610","title":{"rendered":"REUNI\u00d3N DIRECTOR DEPARTAMENTO DE AYUDA HUMANITARIA DEL GOBIERNO DE BIELORRUSIA SR. KOLIADA"},"content":{"rendered":"<p>&nbsp;<\/p>\n<p><a href=\"http:\/\/www.asnia.es\/wp-content\/uploads\/2014\/11\/KOLIADA-FILEminimizer.jpg\"><img loading=\"lazy\" decoding=\"async\" class=\"aligncenter wp-image-3612 size-medium\" src=\"http:\/\/www.asnia.es\/wp-content\/uploads\/2014\/11\/KOLIADA-FILEminimizer-300x225.jpg\" alt=\"KOLIADA (FILEminimizer)\" width=\"300\" height=\"225\" srcset=\"https:\/\/www.asnia.es\/wp-content\/uploads\/2014\/11\/KOLIADA-FILEminimizer-300x225.jpg 300w, https:\/\/www.asnia.es\/wp-content\/uploads\/2014\/11\/KOLIADA-FILEminimizer.jpg 639w\" sizes=\"auto, (max-width: 300px) 100vw, 300px\" \/><\/a><\/p>\n<p style=\"text-align: justify;\">\u00a0<strong>INTRODUCCI\u00d3N<\/strong><\/p>\n<p style=\"text-align: justify;\">Tras las bienvenidas, toma la palabra el Presidente de FEDASIB,\u00a0 Sr. D. Jos\u00e9 Dom\u00ednguez Serrano y pasa a presentar la delegaci\u00f3n de la Federaci\u00f3n.<\/p>\n<p style=\"text-align: justify;\"><strong>ACUERDOS<\/strong><\/p>\n<ul style=\"text-align: justify;\">\n<li>Se hace presentaci\u00f3n de las estad\u00edsticas en comparativa entre los \u00faltimos a\u00f1os, manifestando la preocupaci\u00f3n ante el descenso tan elevado con un\u00a0 detrimento del 50% al 2.014. Se valoran las causas y estrategias a seguir para su continuidad.<\/li>\n<li>KOLIADA: Expone las 45 asociaciones que trabajan en Bielorrusia, adem\u00e1s, nos solicita informaci\u00f3n acerca de las familias, edades medias, condiciones sociales, econ\u00f3micas, etc. Donde informamos de un aumento de familias j\u00f3venes y de clase media fundamentalmente. Pero tambi\u00e9n, la crisis actual, ha influido principalmente en la disminuci\u00f3n del poder adquisitivo de este tipo de familia, lo que ha redundado en la disminuci\u00f3n de las acogidas. Tambi\u00e9n se da constancia de que otros muchos factores, y no solo el de la crisis, han hecho disminuir el apoyo de las familias.<\/li>\n<li>Tras estas valoraciones, presentamos las medidas que FEDASIB, est\u00e1 realizando con el fin de aminorar y potenciar de nuevo los programas de Estancias Temporales.<\/li>\n<li>Pertenencia de FEDASIB como socio fundador a la E.C.N. (Plataforma Europea Por Chern\u00f3bil). Miembro activo en la realizaci\u00f3n de la actividad m\u00e1s importante de la E.C.N., como es la Semana de Acci\u00f3n Europea, patrocinada y apoyada por el Parlamento Europeo, y donde procuramos difundir la acogida y captar familias para su realizaci\u00f3n, tanto en los actos directamente, como en la difusi\u00f3n por los medios de comunicaci\u00f3n.<\/li>\n<li>Tambi\u00e9n por medio de aprovechar las visitas de los conferenciantes invitados, Liquidadores\/as de Chern\u00f3bil, para tener encuentros y recepciones con las autoridades locales, Aut\u00f3nomas y Nacionales. Por ello, informamos que este a\u00f1o, ser\u00e1n recibidos por <strong>la Comisi\u00f3n de Cooperaci\u00f3n del Congreso de los Diputados con su Vicepresidente a la cabeza, en representaci\u00f3n del Gobierno de Espa\u00f1a.<\/strong><\/li>\n<\/ul>\n<ul>\n<li style=\"text-align: justify;\">Igualmente, se informa de las recepciones por parte de la <strong>Comisi\u00f3n de Cooperaci\u00f3n Internacional del Senado de Espa\u00f1a y del Parlamento Andaluz<\/strong>, que se realizaron durante el mes de Abril del a\u00f1o pasado y de la repercusi\u00f3n de las mismas, con el respaldo y apoyo a FEDASIB, por parte de ambas Instituciones.<\/li>\n<li style=\"text-align: justify;\">JOSE A.\u00a0 Pregunta si la nueva ley social contempla las prestaciones o subvenciones que puedan aportar a las ONG para los programas de acogidas temporales.<\/li>\n<li style=\"text-align: justify;\">KOLIADA: <strong>financiaci\u00f3n externa como punto importante dentro del decreto ley<\/strong>.<\/li>\n<li style=\"text-align: justify;\">KOLIADA: Junto con el ministerio de educaci\u00f3n necesitan hacer an\u00e1lisis para propuestas y cambios en beneficio de esta ley para las acogidas (tardara varios meses su aprobaci\u00f3n).<\/li>\n<li style=\"text-align: justify;\">KOLIADA: Objetivo principal de proteger y salvaguardar las acogidas.<\/li>\n<li style=\"text-align: justify;\">JOSE A. Expone el problema a la dispersi\u00f3n en las nuevas familias que surgen en diferentes provincias y comunidades y buscar soluci\u00f3n para el crecimiento (caso Valencia, Asturias, Galicia.).<\/li>\n<li style=\"text-align: justify;\">JOSE A. Trasladaremos la soluci\u00f3n del problema al Congreso y al Senado.<\/li>\n<li style=\"text-align: justify;\">JOS\u00c9 A.: Solicitamos la colaboraci\u00f3n en actividades culturales y apoyo en captaci\u00f3n de fondos con visitas de Orquestas o grupos Infantiles de danzas t\u00edpicas bielorrusas.<\/li>\n<li style=\"text-align: justify;\">KOLIADA: Nos traslada su satisfacci\u00f3n con la labor de la federaci\u00f3n espa\u00f1ola y posible visita a Espa\u00f1a.<\/li>\n<li style=\"text-align: justify;\">KOLIADA: Nos reitera y traslada, el reconocimiento en la representaci\u00f3n y el respaldo y \u00a0del gobierno bielorruso a la Federaci\u00f3n. Aconsejar a sus fundaciones bielorrusas para que a su vez, aconseje a las asociaciones espa\u00f1olas que se federen.<\/li>\n<li style=\"text-align: justify;\">Por ello y como colof\u00f3n de la reuni\u00f3n, nos invitan a mantener un contacto directo con ellos, para lo que nos facilitan sus direcciones y tel\u00e9fonos personales, tanto del Director, como de la Vicedirectora.<\/li>\n<\/ul>\n<p>&nbsp;<\/p>\n<p style=\"text-align: center;\"><strong>JUNTA DIRECTIVA<\/strong><\/p>\n<p style=\"text-align: center;\"><strong>FEDASIB<\/strong><\/p>\n<p><strong>\u00a0<\/strong><\/p>\n<p>&nbsp;<\/p>\n<p>&nbsp;<\/p>\n<p>&nbsp;<\/p>\n<p>&nbsp;<\/p>\n<p>&nbsp;<\/p>\n<p>&nbsp;<\/p>\n<p>&nbsp;<\/p>\n<p>&nbsp;<\/p>\n","protected":false},"excerpt":{"rendered":"<p>&nbsp; \u00a0INTRODUCCI\u00d3N Tras las bienvenidas, toma la palabra el Presidente de FEDASIB,\u00a0 Sr. D. Jos\u00e9 Dom\u00ednguez Serrano y pasa a presentar la delegaci\u00f3n de la Federaci\u00f3n. ACUERDOS Se hace presentaci\u00f3n de las estad\u00edsticas en comparativa entre los \u00faltimos a\u00f1os, manifestando la preocupaci\u00f3n ante el descenso tan elevado con un\u00a0 detrimento del 50% al 2.014. Se &hellip; <\/p>\n<p><a class=\"more-link btn\" href=\"https:\/\/www.asnia.es\/?p=3610\">Seguir leyendo<\/a><\/p>\n","protected":false},"author":1,"featured_media":0,"comment_status":"open","ping_status":"open","sticky":false,"template":"","format":"standard","meta":{"ngg_post_thumbnail":0,"footnotes":""},"categories":[1,15],"tags":[],"class_list":["post-3610","post","type-post","status-publish","format-standard","hentry","category-general","category-programa-2014","item-wrap"],"_links":{"self":[{"href":"https:\/\/www.asnia.es\/index.php?rest_route=\/wp\/v2\/posts\/3610","targetHints":{"allow":["GET"]}}],"collection":[{"href":"https:\/\/www.asnia.es\/index.php?rest_route=\/wp\/v2\/posts"}],"about":[{"href":"https:\/\/www.asnia.es\/index.php?rest_route=\/wp\/v2\/types\/post"}],"author":[{"embeddable":true,"href":"https:\/\/www.asnia.es\/index.php?rest_route=\/wp\/v2\/users\/1"}],"replies":[{"embeddable":true,"href":"https:\/\/www.asnia.es\/index.php?rest_route=%2Fwp%2Fv2%2Fcomments&post=3610"}],"version-history":[{"count":1,"href":"https:\/\/www.asnia.es\/index.php?rest_route=\/wp\/v2\/posts\/3610\/revisions"}],"predecessor-version":[{"id":3613,"href":"https:\/\/www.asnia.es\/index.php?rest_route=\/wp\/v2\/posts\/3610\/revisions\/3613"}],"wp:attachment":[{"href":"https:\/\/www.asnia.es\/index.php?rest_route=%2Fwp%2Fv2%2Fmedia&parent=3610"}],"wp:term":[{"taxonomy":"category","embeddable":true,"href":"https:\/\/www.asnia.es\/index.php?rest_route=%2Fwp%2Fv2%2Fcategories&post=3610"},{"taxonomy":"post_tag","embeddable":true,"href":"https:\/\/www.asnia.es\/index.php?rest_route=%2Fwp%2Fv2%2Ftags&post=3610"}],"curies":[{"name":"wp","href":"https:\/\/api.w.org\/{rel}","templated":true}]}}