{"id":3608,"date":"2014-10-27T15:59:01","date_gmt":"2014-10-27T13:59:01","guid":{"rendered":"http:\/\/www.asnia.es\/?p=3608"},"modified":"2014-11-10T16:48:39","modified_gmt":"2014-11-10T14:48:39","slug":"conferencia-internacional-e-c-n-2-014-krzyzowa-polonia","status":"publish","type":"post","link":"https:\/\/www.asnia.es\/?p=3608","title":{"rendered":"CONFERENCIA INTERNACIONAL E.C.N 2.014  KRZYZOWA, POLONIA"},"content":{"rendered":"<p style=\"text-align: justify;\"><a href=\"http:\/\/www.asnia.es\/wp-content\/uploads\/2014\/10\/250253_712452048849592_8978762744305271630_n-FILEminimizer.jpg\"><br \/>\n<\/a><\/p>\n<p style=\"text-align: justify;\"><a href=\"http:\/\/www.asnia.es\/wp-content\/uploads\/2014\/10\/250253_712452048849592_8978762744305271630_n-FILEminimizer.jpg\"><img loading=\"lazy\" decoding=\"async\" class=\"aligncenter wp-image-3621 size-medium\" src=\"http:\/\/www.asnia.es\/wp-content\/uploads\/2014\/10\/250253_712452048849592_8978762744305271630_n-FILEminimizer-300x225.jpg\" alt=\"250253_712452048849592_8978762744305271630_n (FILEminimizer)\" width=\"300\" height=\"225\" srcset=\"https:\/\/www.asnia.es\/wp-content\/uploads\/2014\/10\/250253_712452048849592_8978762744305271630_n-FILEminimizer-300x225.jpg 300w, https:\/\/www.asnia.es\/wp-content\/uploads\/2014\/10\/250253_712452048849592_8978762744305271630_n-FILEminimizer.jpg 640w\" sizes=\"auto, (max-width: 300px) 100vw, 300px\" \/><\/a><\/p>\n<p style=\"text-align: justify;\">\n<p style=\"text-align: justify;\"><strong>INTRODUCCI\u00d3N<\/strong><\/p>\n<p style=\"text-align: justify;\">Fedasib, como miembro fundador de la E.C.N. (Plataforma Europea por Chern\u00f3bil), y tras el acuerdo alcanzado en la Asamblea General celebrada en C\u00f3rdoba en Noviembre de 2.013, ha participado en la Conferencia Internacional de la E.C.N. en Krazyzowa en representaci\u00f3n de los 36 colectivos miembros de esta Federaci\u00f3n.<\/p>\n<p style=\"text-align: justify;\">Dado lo extenso del programa y la multitud de temas tratados en la misma. Os ofrecemos un resumen esquem\u00e1tico de los principales acuerdos y temas tratados.<\/p>\n<p style=\"text-align: justify;\"><strong>E.C.N. <\/strong><\/p>\n<p style=\"text-align: justify;\">Con la asistencia de todos los socios fundadores de la E.C.N., junto a los nuevos solicitantes con representaci\u00f3n enviados\u00a0 a la misma, se celebra dicha Asamblea con la obtenci\u00f3n de los siguientes acuerdos:<\/p>\n<p style=\"text-align: justify;\">1.\u00a0 Se aprueba la entrada en la E.C.N. de los representantes de Jap\u00f3n, Francia, Canad\u00e1, Kazajist\u00e1n e Italia, si bien, Italia queda a expensas de la conformidad y aprobaci\u00f3n por la Junta Directiva de la Asociaci\u00f3n Bambini per Chern\u00f3bil, de su definitiva inclusi\u00f3n. Con estas nuevas integraciones, la Plataforma queda integrada con miembros representantes de 16 pa\u00edses.<\/p>\n<p style=\"text-align: justify;\">2.- Dado que se han integrado miembros pertenecientes a pa\u00edses fuera de Europa, se acuerda cambiar el nombre de la Plataforma. Tras la deliberaci\u00f3n oportuna y estudio de las propuestas recibidas, se acuerda cambiarlo a I.C.N. (International Chern\u00f3bil Network). (Se adjunta nota de prensa informativa).<\/p>\n<p style=\"text-align: justify;\">3. Con el fin de dar una mayor operatividad a la Plataforma, se acuerda estructurarla de la siguiente manera:<em>Asamblea General. La forman todos los integrantes de la I.C.N. Se reunir\u00e1n, al menos, una vez al a\u00f1o. Se establecer\u00e1n las cuotas de participaci\u00f3n y cada integrante correr\u00e1 con los gastos de viaje.<\/em><\/p>\n<ol style=\"text-align: justify;\">\n<ol>\n<li>Comit\u00e9 Ejecutivo. Tomar\u00e1 decisiones en representaci\u00f3n de la Asamblea. Se acuerda formarlo con representantes de 7 pa\u00edses miembros. Bielorrusia, Espa\u00f1a, Alemania, Irlanda, Inglaterra, Jap\u00f3n y Francia o Italia, a expensas de la conformidad de Italia, m\u00e1s un miembro de Holanda, en caso de encontrar representante de este Pa\u00eds. Por parte de FEDASIB, se propuso y acept\u00f3 la candidatura de nuestra secretaria Nieves S\u00e1nchez. Mantendr\u00e1n contactos frecuentes por medio de Skype o Tel\u00e9fono, para una mayor operatividad de los objetivos marcados.<\/li>\n<li>Se aprueban tambi\u00e9n la integraci\u00f3n de Comit\u00e9s pertenecientes a otros colectivos de relaci\u00f3n directa con la Plataforma. Por ello, se confirma la integraci\u00f3n de un Comit\u00e9 representante de los Liquidadores, y otro, de representantes de colectivos anti nucleares y ecologistas.<\/li>\n<\/ol>\n<\/ol>\n<p style=\"text-align: justify;\">4.- Se acuerda la creaci\u00f3n de un logo y lema conjunto de la Plataforma, para la difusi\u00f3n de los actos extraordinarios del 30 Aniversario de la cat\u00e1strofe, para lo cual, se establece un plazo de presentaci\u00f3n de propuestas. Por nuestra parte, propondremos el dibujo de FEDASIB, elaborado para los carteles de la Semana de Acci\u00f3n de Espa\u00f1a.<\/p>\n<p style=\"text-align: justify;\">5.- Se acuerda crear una red de voluntariado local, que ayude a la organizaci\u00f3n de los actos conmemorativos y de las Semanas de Acci\u00f3n Europeas. Igualmente, se aprueba intentar la integraci\u00f3n de un voluntario de Espa\u00f1a en el IBB, para el pr\u00f3ximo a\u00f1o.<\/p>\n<p style=\"text-align: justify;\">6.- El IBB, se encargar\u00e1 de solicitar e informar de la obtenci\u00f3n de recursos, as\u00ed como, su asesoramiento a los miembros para la confecci\u00f3n de solicitudes en las instituciones, como La financiaci\u00f3n de los fondos de la UE en estos proyectos: \u00abMost people to people\u00bb y ERASMUS +. En el marco de los miembros ERASMUS + ICN, puede ser interesante para recibir fondos- Alianza estrat\u00e9gica &#8211; durante 2 a\u00f1os. Se debati\u00f3 sobre el aniversario.<\/p>\n<p style=\"text-align: justify;\">\u2022 Por lo menos 3 pa\u00edses deben tomar parte en el proyecto, adem\u00e1s de Ucrania y Bielorrusia<\/p>\n<p style=\"text-align: justify;\">\u2022 El proyecto consiste en el trabajo de los j\u00f3venes y la educaci\u00f3n no formal de ellos.<\/p>\n<p style=\"text-align: justify;\">\u2022 Las escuelas tambi\u00e9n pueden estar implicadas.<\/p>\n<p style=\"text-align: justify;\">\u2022 Las actividades pueden ser las siguientes: talleres, reuniones con los pol\u00edticos, las conversaciones y el empoderamiento de los j\u00f3venes en el Parlamento, la creaci\u00f3n de un material educativo, campos de trabajo, intercambios, etc.<\/p>\n<p style=\"text-align: justify;\">\u2022 El proyecto puede tener 2 coordinadores pagados en virtud de la financiaci\u00f3n (500 euros por mes).<\/p>\n<p style=\"text-align: justify;\">\u2022 Cada pa\u00eds debe proporcionar 5 participantes y un l\u00edder de grupo (no tiene por qu\u00e9 ser estrictamente as\u00ed)<\/p>\n<p style=\"text-align: justify;\">\u2022 La fecha l\u00edmite es mediados de febrero.<\/p>\n<p style=\"text-align: justify;\">\u2022 Estas actividades dentro de un proyecto pueden tener \u00faltima etapa en el per\u00edodo del 30 aniversario.<\/p>\n<p style=\"text-align: justify;\">7.- Programa \u201cPeople to people\u201d<\/p>\n<p style=\"text-align: justify;\">\u2022 Teniendo en cuenta la limitada participaci\u00f3n de Bielorrusia tanto en la Pol\u00edtica de Vecindad europea, como con las Asociaciones Orientales, <em>People to people es un <\/em>programa de intercambio y movilidad que puede aportar a las pr\u00e1cticas europeas Bielorrusia y promover el entendimiento mutuo. Tal programa se centra en el campo de la cultura, la ciencia y la tecnolog\u00eda y la educaci\u00f3n y la juventud pueden abordar varios problemas relevantes para Bielorrusia: la superaci\u00f3n de un compromiso limitado, la promoci\u00f3n de la transferencia de las mejores pr\u00e1cticas, propiciar el entendimiento mutuo y, finalmente, contribuir al desarrollo econ\u00f3mico. Con este programa de movilidad, tambi\u00e9n recurrir\u00e1 prever los intercambios realizados en virtud de los Di\u00e1logos europeos.<\/p>\n<p style=\"text-align: justify;\"><strong>SEMANA DE ACCI\u00d3N EUROPEA 2.014 MEMORIA<\/strong><\/p>\n<p style=\"text-align: justify;\">FEDASIB, present\u00f3 el resumen de las actividades realizadas durante la Semana de Acci\u00f3n Europea, correspondiente al presente a\u00f1o 2.014, con el fin de ser incluidas en la p\u00e1gina web de la, ahora, I.C.N., para su difusi\u00f3n general. Del mismo modo, informar de su difusi\u00f3n en power point en la Web de FEDASIB.<\/p>\n<p style=\"text-align: justify;\"><strong>SEMANA DE ACCI\u00d3N EUROPEA 2.015 PROPUESTAS<\/strong><\/p>\n<p style=\"text-align: justify;\">Con vistas a la planificaci\u00f3n de la Semana de Acci\u00f3n Europea, para el a\u00f1o 2.015, la delegaci\u00f3n Espa\u00f1ola realizamos la siguiente propuesta:<\/p>\n<p style=\"text-align: justify;\">1.-\u00a0 Para este a\u00f1o, como puente hacia el 30 Aniversario, consideramos m\u00e1s oportuno disminuir el n\u00famero de actividades, dado que tendremos que centrar nuestro trabajo y tiempo a las actividades del 2.016.<\/p>\n<p style=\"text-align: justify;\">\u00a02.- Se marca como objetivo, la realizaci\u00f3n de la misma, en aquellas autonom\u00edas donde aun no se han realizado ninguna vez.<\/p>\n<p style=\"text-align: justify;\">3.- \u00a0Para ello, se establecer\u00e1n los contactos oportunos para as\u00ed lograrlo. Siendo las Comunidades de Baleares, (Ya confirmada) Asturias, Valenciana o Gallega las que consideramos como m\u00e1s id\u00f3neas para cubrir este fin. <strong>La participaci\u00f3n de las mismas se har\u00e1 de acuerdo al presupuesto con el que contamos.<\/strong><\/p>\n<p style=\"text-align: justify;\">4.- Con ello, se establece un nuevo objetivo de que dicha celebraci\u00f3n pueda servir de puente, para la creaci\u00f3n de nuevos Colectivos colaboradores que ayuden a la ampliaci\u00f3n de representatividad de FEDASIB, y el aumento de los menores en programas de Saneamiento.<\/p>\n<p style=\"text-align: justify;\">5.- Se solicita representaci\u00f3n de Colectivos Japoneses que participen en conferencias testimoniales en referencia a la situaci\u00f3n actual de Fukushima. Formar\u00e1n parte de un segundo grupo que se ajustar\u00e1 su participaci\u00f3n al presupuesto con que se cuente.<\/p>\n<p style=\"text-align: justify;\">6.-<strong> Las actividades, lugares de realizaci\u00f3n y grupos de conferenciantes se ajustar\u00e1n de acuerdo al presupuesto con el que contamos.<\/strong><\/p>\n<p style=\"text-align: justify;\"><strong>ACTOS CONMEMORATIVOS DEL 30 ANIVERSARIO DE CHERN\u00d3BIL<\/strong><\/p>\n<p style=\"text-align: justify;\">Dado que en el a\u00f1o 2.016, conmemoraremos el 30 Aniversario de la Cat\u00e1strofe de Chern\u00f3bil. La I.C.N. quiere dar un aspecto sobresaliente a dicha fecha, para lo cual, se recaban una lluvia de propuestas de actividades a realizar durante la Semana de Acci\u00f3n de dicho a\u00f1o.<\/p>\n<p style=\"text-align: justify;\">FEDASIB hemos presentado nuestra propuesta de confeccionar la presentaci\u00f3n de <strong>Candidatura al Premio Princesa de Asturias, a los Liquidadores\/as de Chern\u00f3bil<\/strong>. Para ello, os solicitaremos vuestro incondicional respaldo y apoyo a dicha Candidatura, bajo la adhesi\u00f3n de firmas y respaldo Institucionales de vuestras distintas ciudades y Autonom\u00edas, para lo que elaboraremos un escrito modelo que os haremos llegar para tal fin.<\/p>\n<p style=\"text-align: justify;\">Otra propuesta a destacar por parte de la totalidad de la I.C.N., es <strong>la solicitud de recepci\u00f3n oficial, por parte del Papa Francisco.<\/strong><\/p>\n<p style=\"text-align: justify;\">Por \u00faltimo, queremos haceros destacar la importancia de los temas tratados con vistas al futuro, y en concreto, los siguientes:<\/p>\n<ul style=\"text-align: justify;\">\n<li>Actividades 30 Aniversario. Apoyo Candidatura Princesa de Asturias \u201cLiquidadores\/as de Chern\u00f3bil\u201d.<\/li>\n<li>Programa de voluntariado, tanto local, como Internacional.<\/li>\n<\/ul>\n<p style=\"text-align: justify;\">Por ello, os solicitamos vuestras propuestas y colaboraci\u00f3n deseando nos comuniqu\u00e9is todos aquellos que teng\u00e1is miembros j\u00f3venes con inter\u00e9s en participar en dichos programas, para evaluar y proponer su participaci\u00f3n en los mismos, como representantes de FEDASIB.<\/p>\n<p style=\"text-align: justify;\">Por \u00faltimo, si bien ha supuesto un gran esfuerzo para esta delegaci\u00f3n nuestra participaci\u00f3n en la Conferencia Internacional de Krzyzova, si es justo mencionar la enorme satisfacci\u00f3n que para nosotros ha supuesto representar a los colectivos miembros y colaboradores de FEDASIB. Agradeceros sinceramente a todos los que colabor\u00e1is y pertenec\u00e9is a esta Federaci\u00f3n, m\u00e1xime, cuando somos conscientes del tremendo sacrificio que para todos nosotros supone continuar el d\u00eda a d\u00eda de nuestros colectivos. Si bien, para algunos podr\u00e1 parecer un exceso o in\u00fatil, si queremos transmitir que gracias a la colaboraci\u00f3n inestimable de la I.C.N., y sobre todo, del IBB, que facilita enormemente nuestra participaci\u00f3n. Ello est\u00e1 redundando, en un reconocimiento y apoyo impensable hace unos a\u00f1os de nuestras Instituciones, de lo cual, esperamos en breve poder daros muestra de ello, as\u00ed como, un inmenso abanico de posibilidades de cara al futuro de nuestros j\u00f3venes y miembros colaboradores, y lo m\u00e1s importante, es seguir dando continuidad y mejora a los programas de Estancias Temporales y Acci\u00f3n Humanitaria, fin primario de nuestra existencia.<\/p>\n<p style=\"text-align: justify;\">Sin m\u00e1s y como siempre, quedamos a vuestra entera disposici\u00f3n para cuantas consultas quer\u00e1is realizarnos.<\/p>\n<p>&nbsp;<\/p>\n<p style=\"text-align: center;\"><strong>JUNTA DIRECTIVA<\/strong><\/p>\n<p style=\"text-align: center;\"><strong>FEDASIB<\/strong><\/p>\n","protected":false},"excerpt":{"rendered":"<p>INTRODUCCI\u00d3N Fedasib, como miembro fundador de la E.C.N. (Plataforma Europea por Chern\u00f3bil), y tras el acuerdo alcanzado en la Asamblea General celebrada en C\u00f3rdoba en Noviembre de 2.013, ha participado en la Conferencia Internacional de la E.C.N. en Krazyzowa en representaci\u00f3n de los 36 colectivos miembros de esta Federaci\u00f3n. Dado lo extenso del programa y &hellip; <\/p>\n<p><a class=\"more-link btn\" href=\"https:\/\/www.asnia.es\/?p=3608\">Seguir leyendo<\/a><\/p>\n","protected":false},"author":1,"featured_media":0,"comment_status":"open","ping_status":"open","sticky":false,"template":"","format":"standard","meta":{"ngg_post_thumbnail":0,"footnotes":""},"categories":[1,15],"tags":[],"class_list":["post-3608","post","type-post","status-publish","format-standard","hentry","category-general","category-programa-2014","item-wrap"],"_links":{"self":[{"href":"https:\/\/www.asnia.es\/index.php?rest_route=\/wp\/v2\/posts\/3608","targetHints":{"allow":["GET"]}}],"collection":[{"href":"https:\/\/www.asnia.es\/index.php?rest_route=\/wp\/v2\/posts"}],"about":[{"href":"https:\/\/www.asnia.es\/index.php?rest_route=\/wp\/v2\/types\/post"}],"author":[{"embeddable":true,"href":"https:\/\/www.asnia.es\/index.php?rest_route=\/wp\/v2\/users\/1"}],"replies":[{"embeddable":true,"href":"https:\/\/www.asnia.es\/index.php?rest_route=%2Fwp%2Fv2%2Fcomments&post=3608"}],"version-history":[{"count":4,"href":"https:\/\/www.asnia.es\/index.php?rest_route=\/wp\/v2\/posts\/3608\/revisions"}],"predecessor-version":[{"id":3624,"href":"https:\/\/www.asnia.es\/index.php?rest_route=\/wp\/v2\/posts\/3608\/revisions\/3624"}],"wp:attachment":[{"href":"https:\/\/www.asnia.es\/index.php?rest_route=%2Fwp%2Fv2%2Fmedia&parent=3608"}],"wp:term":[{"taxonomy":"category","embeddable":true,"href":"https:\/\/www.asnia.es\/index.php?rest_route=%2Fwp%2Fv2%2Fcategories&post=3608"},{"taxonomy":"post_tag","embeddable":true,"href":"https:\/\/www.asnia.es\/index.php?rest_route=%2Fwp%2Fv2%2Ftags&post=3608"}],"curies":[{"name":"wp","href":"https:\/\/api.w.org\/{rel}","templated":true}]}}