{"id":3512,"date":"2014-06-11T21:19:30","date_gmt":"2014-06-11T19:19:30","guid":{"rendered":"http:\/\/www.asnia.es\/?p=3512"},"modified":"2017-04-06T05:54:29","modified_gmt":"2017-04-06T03:54:29","slug":"congreso-de-los-diputados-recepcion-con-la-mesa-de-exteriores","status":"publish","type":"post","link":"https:\/\/www.asnia.es\/?p=3512","title":{"rendered":"CONGRESO DE LOS DIPUTADOS &#8211; RECEPCI\u00d3N CON LA MESA DE EXTERIORES"},"content":{"rendered":"<h2 style=\"text-align: justify;\"><a href=\"http:\/\/www.asnia.es\/wp-content\/uploads\/2014\/06\/Car\u00e1tula-Congreso-FILEminimizer.jpg\"><img loading=\"lazy\" decoding=\"async\" class=\"aligncenter size-full wp-image-3513\" src=\"http:\/\/www.asnia.es\/wp-content\/uploads\/2014\/06\/Car\u00e1tula-Congreso-FILEminimizer.jpg\" alt=\"Car\u00e1tula Congreso (FILEminimizer)\" width=\"640\" height=\"640\" srcset=\"https:\/\/www.asnia.es\/wp-content\/uploads\/2014\/06\/Car\u00e1tula-Congreso-FILEminimizer.jpg 640w, https:\/\/www.asnia.es\/wp-content\/uploads\/2014\/06\/Car\u00e1tula-Congreso-FILEminimizer-150x150.jpg 150w, https:\/\/www.asnia.es\/wp-content\/uploads\/2014\/06\/Car\u00e1tula-Congreso-FILEminimizer-300x300.jpg 300w\" sizes=\"auto, (max-width: 640px) 100vw, 640px\" \/><\/a><\/h2>\n<h2 style=\"text-align: justify;\">LA MESA DE EXTERIORES DEL CONGRESO DE LOS DIPUTADOS, RECIBE A LA FEDERACI\u00d3N ESPA\u00d1OLA, FEDASIB, AS\u00cd COMO A DIVERSAS DELEGACIONES DE LOS DISTINTOS COLECTIVOS ESPA\u00d1OLES QUE REALIZAN PROGRAMAS DE ESTANCIA TEMPORALES PARA MENORES AFECTADOS POR CHERNOBIL. ENTRE ELLOS ASNIA Y SANICHER.<\/h2>\n<p><a href=\"http:\/\/www.asnia.es\/wp-content\/uploads\/2014\/06\/3352-1302-FILEminimizer.jpg\"><img loading=\"lazy\" decoding=\"async\" class=\"aligncenter size-full wp-image-3514\" src=\"http:\/\/www.asnia.es\/wp-content\/uploads\/2014\/06\/3352-1302-FILEminimizer.jpg\" alt=\"3352-1302 (FILEminimizer)\" width=\"719\" height=\"480\" srcset=\"https:\/\/www.asnia.es\/wp-content\/uploads\/2014\/06\/3352-1302-FILEminimizer.jpg 719w, https:\/\/www.asnia.es\/wp-content\/uploads\/2014\/06\/3352-1302-FILEminimizer-300x200.jpg 300w\" sizes=\"auto, (max-width: 719px) 100vw, 719px\" \/><\/a><\/p>\n<p>&nbsp; <a title=\"jamesleonardrf.blogspot.com\" href=\"http:\/\/jamesleonardrf.blogspot.com\" style=\"text-decoration:none;\" >jamesleonardrf.blogspot.com<\/a> . <a TITLE='Raiquenewscasho' href='https:\/\/raiquenewscasho.wordpress.com' style='color: inherit !important;' >Raiquenewscasho<\/a> .<\/p>\n","protected":false},"excerpt":{"rendered":"<p>LA MESA DE EXTERIORES DEL CONGRESO DE LOS DIPUTADOS, RECIBE A LA FEDERACI\u00d3N ESPA\u00d1OLA, FEDASIB, AS\u00cd COMO A DIVERSAS DELEGACIONES DE LOS DISTINTOS COLECTIVOS ESPA\u00d1OLES QUE REALIZAN PROGRAMAS DE ESTANCIA TEMPORALES PARA MENORES AFECTADOS POR CHERNOBIL. ENTRE ELLOS ASNIA Y SANICHER. &nbsp; jamesleonardrf.blogspot.com . Raiquenewscasho .<\/p>\n","protected":false},"author":1,"featured_media":0,"comment_status":"open","ping_status":"open","sticky":false,"template":"","format":"standard","meta":{"ngg_post_thumbnail":0,"footnotes":""},"categories":[1,15,17],"tags":[],"class_list":["post-3512","post","type-post","status-publish","format-standard","hentry","category-general","category-programa-2014","category-semana-de-accion-2014","item-wrap"],"_links":{"self":[{"href":"https:\/\/www.asnia.es\/index.php?rest_route=\/wp\/v2\/posts\/3512","targetHints":{"allow":["GET"]}}],"collection":[{"href":"https:\/\/www.asnia.es\/index.php?rest_route=\/wp\/v2\/posts"}],"about":[{"href":"https:\/\/www.asnia.es\/index.php?rest_route=\/wp\/v2\/types\/post"}],"author":[{"embeddable":true,"href":"https:\/\/www.asnia.es\/index.php?rest_route=\/wp\/v2\/users\/1"}],"replies":[{"embeddable":true,"href":"https:\/\/www.asnia.es\/index.php?rest_route=%2Fwp%2Fv2%2Fcomments&post=3512"}],"version-history":[{"count":4,"href":"https:\/\/www.asnia.es\/index.php?rest_route=\/wp\/v2\/posts\/3512\/revisions"}],"predecessor-version":[{"id":5792,"href":"https:\/\/www.asnia.es\/index.php?rest_route=\/wp\/v2\/posts\/3512\/revisions\/5792"}],"wp:attachment":[{"href":"https:\/\/www.asnia.es\/index.php?rest_route=%2Fwp%2Fv2%2Fmedia&parent=3512"}],"wp:term":[{"taxonomy":"category","embeddable":true,"href":"https:\/\/www.asnia.es\/index.php?rest_route=%2Fwp%2Fv2%2Fcategories&post=3512"},{"taxonomy":"post_tag","embeddable":true,"href":"https:\/\/www.asnia.es\/index.php?rest_route=%2Fwp%2Fv2%2Ftags&post=3512"}],"curies":[{"name":"wp","href":"https:\/\/api.w.org\/{rel}","templated":true}]}}