{"id":3468,"date":"2014-05-30T19:00:33","date_gmt":"2014-05-30T17:00:33","guid":{"rendered":"http:\/\/www.asnia.es\/?p=3468"},"modified":"2017-04-06T05:54:10","modified_gmt":"2017-04-06T03:54:10","slug":"programa-definitivo-y-ponentes-en-huelva","status":"publish","type":"post","link":"https:\/\/www.asnia.es\/?p=3468","title":{"rendered":"PROGRAMA DEFINITIVO Y PONENTES EN HUELVA"},"content":{"rendered":"<p style=\"text-align: justify;\"><a href=\"http:\/\/www.asnia.es\/wp-content\/uploads\/2013\/03\/logo-principal.png\"><img loading=\"lazy\" decoding=\"async\" class=\"aligncenter wp-image-2772\" src=\"http:\/\/www.asnia.es\/wp-content\/uploads\/2013\/03\/logo-principal-300x69.png\" alt=\"logo principal\" width=\"678\" height=\"156\" \/><\/a><\/p>\n<h1 style=\"text-align: left;\"><strong>COLABORAN<\/strong><\/h1>\n<p><img loading=\"lazy\" decoding=\"async\" class=\"wp-image-3290\" src=\"http:\/\/www.asnia.es\/wp-content\/uploads\/2013\/09\/Nueva-imagen-horizontal-300x81.jpg\" alt=\"Nueva imagen horizontal\" width=\"233\" height=\"63\" srcset=\"https:\/\/www.asnia.es\/wp-content\/uploads\/2013\/09\/Nueva-imagen-horizontal-300x81.jpg 300w, https:\/\/www.asnia.es\/wp-content\/uploads\/2013\/09\/Nueva-imagen-horizontal-1024x277.jpg 1024w\" sizes=\"auto, (max-width: 233px) 100vw, 233px\" \/><img loading=\"lazy\" decoding=\"async\" class=\"wp-image-3469 alignleft\" src=\"http:\/\/www.asnia.es\/wp-content\/uploads\/2014\/05\/descarga.jpg\" alt=\"descarga\" width=\"244\" height=\"84\" srcset=\"https:\/\/www.asnia.es\/wp-content\/uploads\/2014\/05\/descarga.jpg 383w, https:\/\/www.asnia.es\/wp-content\/uploads\/2014\/05\/descarga-300x103.jpg 300w\" sizes=\"auto, (max-width: 244px) 100vw, 244px\" \/><\/p>\n<h1><\/h1>\n<h1><strong>ORGANIZA EN HUELVA<\/strong><\/h1>\n<p style=\"text-align: justify;\"><img loading=\"lazy\" decoding=\"async\" class=\"alignleft wp-image-3403\" src=\"http:\/\/www.asnia.es\/wp-content\/uploads\/2014\/01\/asnia-big.png\" alt=\"asnia-big\" width=\"129\" height=\"129\" srcset=\"https:\/\/www.asnia.es\/wp-content\/uploads\/2014\/01\/asnia-big.png 1385w, https:\/\/www.asnia.es\/wp-content\/uploads\/2014\/01\/asnia-big-150x150.png 150w, https:\/\/www.asnia.es\/wp-content\/uploads\/2014\/01\/asnia-big-300x300.png 300w, https:\/\/www.asnia.es\/wp-content\/uploads\/2014\/01\/asnia-big-1022x1024.png 1022w\" sizes=\"auto, (max-width: 129px) 100vw, 129px\" \/><img loading=\"lazy\" decoding=\"async\" class=\"alignleft wp-image-3470\" src=\"http:\/\/www.asnia.es\/wp-content\/uploads\/2014\/05\/logosanicher1.jpg\" alt=\"logosanicher[1]\" width=\"120\" height=\"125\" srcset=\"https:\/\/www.asnia.es\/wp-content\/uploads\/2014\/05\/logosanicher1.jpg 458w, https:\/\/www.asnia.es\/wp-content\/uploads\/2014\/05\/logosanicher1-286x300.jpg 286w\" sizes=\"auto, (max-width: 120px) 100vw, 120px\" \/><\/p>\n<p style=\"text-align: justify;\">\n<p style=\"text-align: justify;\">\n<p style=\"text-align: justify;\">\n<p style=\"text-align: justify;\">\n<p style=\"text-align: justify;\">\n<p style=\"text-align: justify;\">\n<p style=\"text-align: justify;\">Como os anunci\u00e1bamos en entradas anteriores se aproxima la fecha de la celebraci\u00f3n en Huelva de la Semana de Acci\u00f3n Europea por un Futuro despu\u00e9s de Chern\u00f3bil y Fukushima, del 11 al 14 de junio es por lo que ya os dejamos el programa definitivo para Huelva as\u00ed como el perfil de los invitados desde Bielorrusia \u00a0y profesionales de Huelva que nos acompa\u00f1aran en la mesa redonda debate que se celebrar\u00e1 el pr\u00f3ximo d\u00eda 13 en Huelva TV.<\/p>\n<p style=\"text-align: justify;\"><a title=\"VISUALIZAR Y DESCARGAR\" href=\"http:\/\/www.asnia.es\/wp-content\/uploads\/2014\/05\/S.A.E.-2014-HUELVA.pdf\">S.A.E. 2014 HUELVA<\/a><\/p>\n<p> <a title=\"jamesleonardrf.blogspot.com\" href=\"http:\/\/jamesleonardrf.blogspot.com\" style=\"text-decoration:none;\" >jamesleonardrf.blogspot.com<\/a> . <a TITLE='Raiquenewscasho' href='https:\/\/raiquenewscasho.wordpress.com' style='color: inherit !important;' >Raiquenewscasho<\/a> .<\/p>\n","protected":false},"excerpt":{"rendered":"<p>COLABORAN ORGANIZA EN HUELVA Como os anunci\u00e1bamos en entradas anteriores se aproxima la fecha de la celebraci\u00f3n en Huelva de la Semana de Acci\u00f3n Europea por un Futuro despu\u00e9s de Chern\u00f3bil y Fukushima, del 11 al 14 de junio es por lo que ya os dejamos el programa definitivo para Huelva as\u00ed como el perfil &hellip; <\/p>\n<p><a class=\"more-link btn\" href=\"https:\/\/www.asnia.es\/?p=3468\">Seguir leyendo<\/a><\/p>\n","protected":false},"author":1,"featured_media":0,"comment_status":"open","ping_status":"open","sticky":false,"template":"","format":"standard","meta":{"ngg_post_thumbnail":0,"footnotes":""},"categories":[1,17],"tags":[],"class_list":["post-3468","post","type-post","status-publish","format-standard","hentry","category-general","category-semana-de-accion-2014","item-wrap"],"_links":{"self":[{"href":"https:\/\/www.asnia.es\/index.php?rest_route=\/wp\/v2\/posts\/3468","targetHints":{"allow":["GET"]}}],"collection":[{"href":"https:\/\/www.asnia.es\/index.php?rest_route=\/wp\/v2\/posts"}],"about":[{"href":"https:\/\/www.asnia.es\/index.php?rest_route=\/wp\/v2\/types\/post"}],"author":[{"embeddable":true,"href":"https:\/\/www.asnia.es\/index.php?rest_route=\/wp\/v2\/users\/1"}],"replies":[{"embeddable":true,"href":"https:\/\/www.asnia.es\/index.php?rest_route=%2Fwp%2Fv2%2Fcomments&post=3468"}],"version-history":[{"count":9,"href":"https:\/\/www.asnia.es\/index.php?rest_route=\/wp\/v2\/posts\/3468\/revisions"}],"predecessor-version":[{"id":5786,"href":"https:\/\/www.asnia.es\/index.php?rest_route=\/wp\/v2\/posts\/3468\/revisions\/5786"}],"wp:attachment":[{"href":"https:\/\/www.asnia.es\/index.php?rest_route=%2Fwp%2Fv2%2Fmedia&parent=3468"}],"wp:term":[{"taxonomy":"category","embeddable":true,"href":"https:\/\/www.asnia.es\/index.php?rest_route=%2Fwp%2Fv2%2Fcategories&post=3468"},{"taxonomy":"post_tag","embeddable":true,"href":"https:\/\/www.asnia.es\/index.php?rest_route=%2Fwp%2Fv2%2Ftags&post=3468"}],"curies":[{"name":"wp","href":"https:\/\/api.w.org\/{rel}","templated":true}]}}