{"id":3449,"date":"2014-04-25T00:28:50","date_gmt":"2014-04-24T22:28:50","guid":{"rendered":"http:\/\/www.asnia.es\/?p=3449"},"modified":"2014-05-30T17:43:34","modified_gmt":"2014-05-30T15:43:34","slug":"semana-de-accion-europea-por-un-futuro-despues-de-chernobil-y-fukushima-2014","status":"publish","type":"post","link":"https:\/\/www.asnia.es\/?p=3449","title":{"rendered":"SEMANA DE ACCI\u00d3N EUROPEA POR UN FUTURO DESPU\u00c9S DE  CHERNOBIL Y FUKUSHIMA 2014"},"content":{"rendered":"<p style=\"text-align: center;\"><a href=\"http:\/\/www.asnia.es\/wp-content\/uploads\/2013\/03\/logo-principal.png\"><img loading=\"lazy\" decoding=\"async\" class=\"wp-image-2772 alignleft\" src=\"http:\/\/www.asnia.es\/wp-content\/uploads\/2013\/03\/logo-principal.png\" alt=\"logo principal\" width=\"460\" height=\"108\" srcset=\"https:\/\/www.asnia.es\/wp-content\/uploads\/2013\/03\/logo-principal.png 4094w, https:\/\/www.asnia.es\/wp-content\/uploads\/2013\/03\/logo-principal-300x69.png 300w, https:\/\/www.asnia.es\/wp-content\/uploads\/2013\/03\/logo-principal-1024x238.png 1024w\" sizes=\"auto, (max-width: 460px) 100vw, 460px\" \/><\/a><\/p>\n<p style=\"text-align: left;\"><a href=\"http:\/\/www.asnia.es\/wp-content\/uploads\/2014\/04\/logotipo-ibb.png\"><img loading=\"lazy\" decoding=\"async\" class=\"aligncenter wp-image-3462 size-thumbnail\" src=\"http:\/\/www.asnia.es\/wp-content\/uploads\/2014\/04\/logotipo-ibb-150x150.png\" alt=\"logotipo ibb\" width=\"150\" height=\"150\" \/><\/a><\/p>\n<p style=\"text-align: left;\">Un a\u00f1o mas nos embarcamos en esta actividad como homenaje a las victimas de la mayor cat\u00e1strofe de la industria nuclear conocida CHERNOBIL, que veinticinco a\u00f1os despu\u00e9s se repite en FUKUSHIMA.<\/p>\n<p style=\"text-align: left;\">Os presentamos el programa general de actividades en Espa\u00f1a durante el mes de Junio as\u00ed como Nota de Prensa que se difundir\u00e1 a los medios de telecomunicaci\u00f3n y prensa escrita.<\/p>\n<p style=\"text-align: left;\">En breve os presentaremos el perfil de los testigos, cient\u00edficos y liquidadores que nos visitaran este a\u00f1o.<\/p>\n<p style=\"text-align: left;\">Un programa que esperamos tenga el reconocimiento merecido tanto a nivel institucional nacional como internacional.<\/p>\n<p style=\"text-align: left;\">ORGANIZA : \u00a0PLATAFORMA EUROPEA POR CHERNOBIL<a href=\"http:\/\/www.asnia.es\/wp-content\/uploads\/2013\/12\/2ECN_logo-179x127.png\"><img loading=\"lazy\" decoding=\"async\" class=\"aligncenter size-full wp-image-3329\" src=\"http:\/\/www.asnia.es\/wp-content\/uploads\/2013\/12\/2ECN_logo-179x127.png\" alt=\"2ECN_logo-179x127\" width=\"199\" height=\"147\" \/><\/a><\/p>\n<p style=\"text-align: center;\">COORDINADORA EN ESPA\u00d1A \u00a0<a href=\"http:\/\/www.asnia.es\/wp-content\/uploads\/2013\/12\/fedasib.gif\"><img loading=\"lazy\" decoding=\"async\" class=\"aligncenter  wp-image-3354\" src=\"http:\/\/www.asnia.es\/wp-content\/uploads\/2013\/12\/fedasib.gif\" alt=\"fedasib\" width=\"308\" height=\"130\" \/><\/a><\/p>\n<p style=\"text-align: center;\"><a href=\"http:\/\/www.asnia.es\/wp-content\/uploads\/2013\/03\/paisaje1.jpg\"><img loading=\"lazy\" decoding=\"async\" class=\"aligncenter  wp-image-2738\" src=\"http:\/\/www.asnia.es\/wp-content\/uploads\/2013\/03\/paisaje1.jpg\" alt=\"paisaje\" width=\"475\" height=\"329\" srcset=\"https:\/\/www.asnia.es\/wp-content\/uploads\/2013\/03\/paisaje1.jpg 600w, https:\/\/www.asnia.es\/wp-content\/uploads\/2013\/03\/paisaje1-300x207.jpg 300w\" sizes=\"auto, (max-width: 475px) 100vw, 475px\" \/><\/a><\/p>\n<p style=\"text-align: left;\"><a title=\"VISUALIZAR Y DESCARGAR\" href=\"http:\/\/www.asnia.es\/wp-content\/uploads\/2014\/04\/NOTA-DE-PRENSA-SEMANA-DE-ACCI\u00d3N-2.014.pdf\">NOTA DE PRENSA SEMANA DE ACCI\u00d3N 2.014<\/a><\/p>\n<p style=\"text-align: left;\"><a title=\"VISUALIZAR Y DESCARGAR\" href=\"http:\/\/www.asnia.es\/wp-content\/uploads\/2014\/04\/PROPUESTA-PROGRAMA-GENERAL-SEMANA-2.014.pdf\">PROPUESTA PROGRAMA GENERAL SEMANA 2.014<\/a><\/p>\n<p style=\"text-align: left;\">\n","protected":false},"excerpt":{"rendered":"<p>Un a\u00f1o mas nos embarcamos en esta actividad como homenaje a las victimas de la mayor cat\u00e1strofe de la industria nuclear conocida CHERNOBIL, que veinticinco a\u00f1os despu\u00e9s se repite en FUKUSHIMA. Os presentamos el programa general de actividades en Espa\u00f1a durante el mes de Junio as\u00ed como Nota de Prensa que se difundir\u00e1 a los &hellip; <\/p>\n<p><a class=\"more-link btn\" href=\"https:\/\/www.asnia.es\/?p=3449\">Seguir leyendo<\/a><\/p>\n","protected":false},"author":1,"featured_media":0,"comment_status":"open","ping_status":"open","sticky":false,"template":"","format":"standard","meta":{"ngg_post_thumbnail":0,"footnotes":""},"categories":[1,17],"tags":[],"class_list":["post-3449","post","type-post","status-publish","format-standard","hentry","category-general","category-semana-de-accion-2014","item-wrap"],"_links":{"self":[{"href":"https:\/\/www.asnia.es\/index.php?rest_route=\/wp\/v2\/posts\/3449","targetHints":{"allow":["GET"]}}],"collection":[{"href":"https:\/\/www.asnia.es\/index.php?rest_route=\/wp\/v2\/posts"}],"about":[{"href":"https:\/\/www.asnia.es\/index.php?rest_route=\/wp\/v2\/types\/post"}],"author":[{"embeddable":true,"href":"https:\/\/www.asnia.es\/index.php?rest_route=\/wp\/v2\/users\/1"}],"replies":[{"embeddable":true,"href":"https:\/\/www.asnia.es\/index.php?rest_route=%2Fwp%2Fv2%2Fcomments&post=3449"}],"version-history":[{"count":4,"href":"https:\/\/www.asnia.es\/index.php?rest_route=\/wp\/v2\/posts\/3449\/revisions"}],"predecessor-version":[{"id":3461,"href":"https:\/\/www.asnia.es\/index.php?rest_route=\/wp\/v2\/posts\/3449\/revisions\/3461"}],"wp:attachment":[{"href":"https:\/\/www.asnia.es\/index.php?rest_route=%2Fwp%2Fv2%2Fmedia&parent=3449"}],"wp:term":[{"taxonomy":"category","embeddable":true,"href":"https:\/\/www.asnia.es\/index.php?rest_route=%2Fwp%2Fv2%2Fcategories&post=3449"},{"taxonomy":"post_tag","embeddable":true,"href":"https:\/\/www.asnia.es\/index.php?rest_route=%2Fwp%2Fv2%2Ftags&post=3449"}],"curies":[{"name":"wp","href":"https:\/\/api.w.org\/{rel}","templated":true}]}}