{"id":3434,"date":"2014-04-06T15:44:03","date_gmt":"2014-04-06T13:44:03","guid":{"rendered":"http:\/\/www.asnia.es\/?p=3434"},"modified":"2017-04-06T05:53:27","modified_gmt":"2017-04-06T03:53:27","slug":"ii-foro-republicano-social-minsk-2014","status":"publish","type":"post","link":"https:\/\/www.asnia.es\/?p=3434","title":{"rendered":"II FORO REPUBLICANO SOCIAL MINSK 2014"},"content":{"rendered":"<p style=\"text-align: justify;\">En el d\u00eda de hoy partimos para Minsk la Delegaci\u00f3n Espa\u00f1ola de Fedasib. Asnia como miembro de la Junta de Gobierno de la Federaci\u00f3n Espa\u00f1ola en la persona de Nieves Sanchez como secretaria de la misma acompa\u00f1ada por el Presidente y Tesorero de dicha Federaci\u00f3n<\/p>\n<p style=\"text-align: justify;\">Con motivo del cambio en la legislaci\u00f3n Bielorrusa de la nueva Ley de Bienestar Social, han sido convocadas todas las ONG que trabajan con las distintas contrapartes en los programas de estancias temporales en el extranjero de menores bielorrusos.<\/p>\n<p style=\"text-align: justify;\">Esperamos que a trav\u00e9s de las mesas de trabajo planteadas por la organizaci\u00f3n de IBB Minsk, estamos seguro que llegaremos a un consenso mediante el cual sigamos con una buena o mejor proyecci\u00f3n de las Acogidas en Espa\u00f1a.<\/p>\n<p style=\"text-align: justify;\">Igualmente seremos recibida la Delegaci\u00f3n Espa\u00f1ola por el Sr.   <a title=\"jamesleonardrf.blogspot.com\" href=\"http:\/\/jamesleonardrf.blogspot.com\" style=\"text-decoration:none;\" >jamesleonardrf.blogspot.com<\/a> . Koliada, m\u00e1ximo responsable del  <a title=\"Raiquenewscasho\" href=\"https:\/\/raiquenewscasho.wordpress.com\" style=\"color: inherit !important;\" >departamento de<\/a>  Ayuda Humanitaria de la Rep\u00fablica Bielorrusa. Tenemos varios temas de inter\u00e9s para consensuar con dicho departamento para salvaguardar las acogidas en Espa\u00f1a.<\/p>\n<p style=\"text-align: justify;\">Os dejamos toda la documentaci\u00f3n relativa y de inter\u00e9s de este Foro Internacional en Minsk<\/p>\n<p style=\"text-align: justify;\"><a title=\"VISUALIZAR PDF\" href=\"http:\/\/www.asnia.es\/wp-content\/uploads\/2014\/04\/II-Republican-Social-Forum-2014-FINAL.pdf\">II Republican Social Forum 2014 &#8211; FINAL<\/a><\/p>\n<p style=\"text-align: justify;\"><a title=\"VISUALIZAR PDF\" href=\"http:\/\/www.asnia.es\/wp-content\/uploads\/2014\/04\/NOTA-INFORMATIVA-II-FORO-SOCIAL-MINSK-2.014.pdf\">NOTA INFORMATIVA II FORO SOCIAL MINSK 2.014<\/a><\/p>\n<p style=\"text-align: justify;\"><a title=\"VISUALIZAR PDF.\" href=\"http:\/\/www.asnia.es\/wp-content\/uploads\/2014\/04\/TEMARIO-REUNI\u00d3N-DPRMTO.-AYUDA-HUMANITARIA-2.014-BELARUS.pdf\">TEMARIO REUNI\u00d3N DPRMTO. AYUDA HUMANITARIA 2.014 BELARUS<\/a><\/p>\n<p style=\"text-align: justify;\">\n","protected":false},"excerpt":{"rendered":"<p>En el d\u00eda de hoy partimos para Minsk la Delegaci\u00f3n Espa\u00f1ola de Fedasib. Asnia como miembro de la Junta de Gobierno de la Federaci\u00f3n Espa\u00f1ola en la persona de Nieves Sanchez como secretaria de la misma acompa\u00f1ada por el Presidente y Tesorero de dicha Federaci\u00f3n Con motivo del cambio en la legislaci\u00f3n Bielorrusa de la &hellip; <\/p>\n<p><a class=\"more-link btn\" href=\"https:\/\/www.asnia.es\/?p=3434\">Seguir leyendo<\/a><\/p>\n","protected":false},"author":1,"featured_media":0,"comment_status":"open","ping_status":"open","sticky":false,"template":"","format":"standard","meta":{"ngg_post_thumbnail":0,"footnotes":""},"categories":[1],"tags":[],"class_list":["post-3434","post","type-post","status-publish","format-standard","hentry","category-general","item-wrap"],"_links":{"self":[{"href":"https:\/\/www.asnia.es\/index.php?rest_route=\/wp\/v2\/posts\/3434","targetHints":{"allow":["GET"]}}],"collection":[{"href":"https:\/\/www.asnia.es\/index.php?rest_route=\/wp\/v2\/posts"}],"about":[{"href":"https:\/\/www.asnia.es\/index.php?rest_route=\/wp\/v2\/types\/post"}],"author":[{"embeddable":true,"href":"https:\/\/www.asnia.es\/index.php?rest_route=\/wp\/v2\/users\/1"}],"replies":[{"embeddable":true,"href":"https:\/\/www.asnia.es\/index.php?rest_route=%2Fwp%2Fv2%2Fcomments&post=3434"}],"version-history":[{"count":4,"href":"https:\/\/www.asnia.es\/index.php?rest_route=\/wp\/v2\/posts\/3434\/revisions"}],"predecessor-version":[{"id":5770,"href":"https:\/\/www.asnia.es\/index.php?rest_route=\/wp\/v2\/posts\/3434\/revisions\/5770"}],"wp:attachment":[{"href":"https:\/\/www.asnia.es\/index.php?rest_route=%2Fwp%2Fv2%2Fmedia&parent=3434"}],"wp:term":[{"taxonomy":"category","embeddable":true,"href":"https:\/\/www.asnia.es\/index.php?rest_route=%2Fwp%2Fv2%2Fcategories&post=3434"},{"taxonomy":"post_tag","embeddable":true,"href":"https:\/\/www.asnia.es\/index.php?rest_route=%2Fwp%2Fv2%2Ftags&post=3434"}],"curies":[{"name":"wp","href":"https:\/\/api.w.org\/{rel}","templated":true}]}}