{"id":3426,"date":"2014-03-17T14:02:02","date_gmt":"2014-03-17T13:02:02","guid":{"rendered":"http:\/\/www.asnia.es\/?p=3426"},"modified":"2017-04-06T05:53:22","modified_gmt":"2017-04-06T03:53:22","slug":"nota-informativa-junta-directiva-fedasib","status":"publish","type":"post","link":"https:\/\/www.asnia.es\/?p=3426","title":{"rendered":"NOTA INFORMATIVA JUNTA DIRECTIVA FEDASIB"},"content":{"rendered":"<p style=\"text-align: center;\" align=\"center\"><b><span style=\"text-decoration: underline;\"><a href=\"http:\/\/www.asnia.es\/wp-content\/uploads\/2014\/03\/la-foto-1.jpg\"><img loading=\"lazy\" decoding=\"async\" class=\"aligncenter  wp-image-3427\" alt=\"la foto 1\" src=\"http:\/\/www.asnia.es\/wp-content\/uploads\/2014\/03\/la-foto-1.jpg\" width=\"448\" height=\"336\" srcset=\"https:\/\/www.asnia.es\/wp-content\/uploads\/2014\/03\/la-foto-1.jpg 640w, https:\/\/www.asnia.es\/wp-content\/uploads\/2014\/03\/la-foto-1-300x225.jpg 300w\" sizes=\"auto, (max-width: 448px) 100vw, 448px\" \/><\/a>\u00a0<\/span><\/b><\/p>\n<p style=\"text-align: justify;\">Estimadas familias y compa\u00f1eros: Por la presente nota os informamos, que FEDASIB, ha firmado un acuerdo de colaboraci\u00f3n en la tramitaci\u00f3n de los seguros de los ni\u00f1os incluidos en los programas de Estancias Temporales, con condiciones m\u00e1s ventajosas. Igualmente, os informamos que tambi\u00e9n ofrecer\u00e1n importantes descuentos a aquellas familias que est\u00e9n dentro de  <A TITLE=\"Raiquenewscasho\" href=\"https:\/\/raiquenewscasho.wordpress.com\" style=\"color: inherit !important;\" >Colectivos Federados<\/A>  en FEDASIB, en la contrataci\u00f3n de alg\u00fan seguro particular con esta Compa\u00f1\u00eda Helvetia.   <a title=\"jamesleonardrf.blogspot.com\" href=\"http:\/\/jamesleonardrf.blogspot.com\" style=\"text-decoration:none;\" >jamesleonardrf.blogspot.com<\/a>  Solo ten\u00e9is que notificar vuestra condici\u00f3n de socio a la hora de su contrataci\u00f3n.<\/p>\n<p style=\"text-align: justify;\">Sin m\u00e1s, un afectuoso saludo<\/p>\n","protected":false},"excerpt":{"rendered":"<p>\u00a0 Estimadas familias y compa\u00f1eros: Por la presente nota os informamos, que FEDASIB, ha firmado un acuerdo de colaboraci\u00f3n en la tramitaci\u00f3n de los seguros de los ni\u00f1os incluidos en los programas de Estancias Temporales, con condiciones m\u00e1s ventajosas. Igualmente, os informamos que tambi\u00e9n ofrecer\u00e1n importantes descuentos a aquellas familias que est\u00e9n dentro de Colectivos &hellip; <\/p>\n<p><a class=\"more-link btn\" href=\"https:\/\/www.asnia.es\/?p=3426\">Seguir leyendo<\/a><\/p>\n","protected":false},"author":1,"featured_media":0,"comment_status":"open","ping_status":"open","sticky":false,"template":"","format":"standard","meta":{"ngg_post_thumbnail":0,"footnotes":""},"categories":[1],"tags":[],"class_list":["post-3426","post","type-post","status-publish","format-standard","hentry","category-general","item-wrap"],"_links":{"self":[{"href":"https:\/\/www.asnia.es\/index.php?rest_route=\/wp\/v2\/posts\/3426","targetHints":{"allow":["GET"]}}],"collection":[{"href":"https:\/\/www.asnia.es\/index.php?rest_route=\/wp\/v2\/posts"}],"about":[{"href":"https:\/\/www.asnia.es\/index.php?rest_route=\/wp\/v2\/types\/post"}],"author":[{"embeddable":true,"href":"https:\/\/www.asnia.es\/index.php?rest_route=\/wp\/v2\/users\/1"}],"replies":[{"embeddable":true,"href":"https:\/\/www.asnia.es\/index.php?rest_route=%2Fwp%2Fv2%2Fcomments&post=3426"}],"version-history":[{"count":4,"href":"https:\/\/www.asnia.es\/index.php?rest_route=\/wp\/v2\/posts\/3426\/revisions"}],"predecessor-version":[{"id":5766,"href":"https:\/\/www.asnia.es\/index.php?rest_route=\/wp\/v2\/posts\/3426\/revisions\/5766"}],"wp:attachment":[{"href":"https:\/\/www.asnia.es\/index.php?rest_route=%2Fwp%2Fv2%2Fmedia&parent=3426"}],"wp:term":[{"taxonomy":"category","embeddable":true,"href":"https:\/\/www.asnia.es\/index.php?rest_route=%2Fwp%2Fv2%2Fcategories&post=3426"},{"taxonomy":"post_tag","embeddable":true,"href":"https:\/\/www.asnia.es\/index.php?rest_route=%2Fwp%2Fv2%2Ftags&post=3426"}],"curies":[{"name":"wp","href":"https:\/\/api.w.org\/{rel}","templated":true}]}}