{"id":3344,"date":"2013-12-17T20:01:05","date_gmt":"2013-12-17T19:01:05","guid":{"rendered":"http:\/\/www.asnia.es\/?p=3344"},"modified":"2017-04-06T05:52:04","modified_gmt":"2017-04-06T03:52:04","slug":"3344","status":"publish","type":"post","link":"https:\/\/www.asnia.es\/?p=3344","title":{"rendered":"ASAMBLEA GENERAL ORDINARIA Y EXTRAORDINARIA DE LA FEDERACI\u00d3N NACIONAL"},"content":{"rendered":"<p style=\"text-align: center;\"><a href=\"http:\/\/www.asnia.es\/wp-content\/uploads\/2013\/12\/fedasib.gif\"><img loading=\"lazy\" decoding=\"async\" class=\"aligncenter  wp-image-3354\" alt=\"fedasib\" src=\"http:\/\/www.asnia.es\/wp-content\/uploads\/2013\/12\/fedasib.gif\" width=\"462\" height=\"194\" \/><\/a><\/p>\n<p style=\"text-align: justify;\">Os adjuntamos el acta de la Asamblea General Ordinaria y Extraordinaria que tuvo lugar en de C\u00f3rdoba los d\u00edas 16 y 17 de Noviembre para vuestro conocimiento y oportunos efectos bajo el V\u00baB\u00ba del Sr. Presidente de la Federaci\u00f3n,,  <a style=\"color: inherit !important;\" title=\"jamesleonardrf.blogspot.com\" href=\"http:\/\/jamesleonardrf.blogspot.com\" >por lo<\/a>  que debemos aplicarnos cuanto antes los acuerdos. En esta ocasi\u00f3n no habr\u00e1 marcha atr\u00e1s en la consecuci\u00f3n de objetivos y cumplimiento de los mismos  <A style=\"text-decoration:none;color: inherit !important;\" title=\"Tioclaswatbere\" href=\"https:\/\/tioclaswatbere.wordpress.com\" >si queremos<\/A>  afianzar la Federaci\u00f3n Espa\u00f1ola como un ente GRANDE con se\u00f1as de identidad PROPIAS y peso burocr\u00e1tico tanto nacional como internacional. Esperamos contar con la colaboraci\u00f3n de todas las Asociaciones por el bien propio de nuestros colectivos pero ante todo por el bien de nuestros menores y de la Proyecci\u00f3n de las Acogidas Temporales.<\/p>\n<p><a title=\"VISUALIZAR CONTENIDO\" href=\"http:\/\/www.asnia.es\/wp-content\/uploads\/2013\/12\/ACTA-DEFINITIVA-ASAMBLEA-CORDOBA-2013.pdf\">ACTA DEFINITIVA ASAMBLEA C\u00d3RDOBA 2013<\/a><\/p>\n<p><a title=\"VISUALIZAR CONTENIDO\" href=\"http:\/\/www.asnia.es\/wp-content\/uploads\/2013\/12\/CERTIFICADO-ACTA-ASAMBLEA-EXTRAORDINARIA-CORDOBA.pdf\">CERTIFICADO ACTA ASAMBLEA EXTRAORDINARIA CORDOBA<\/a><\/p>\n","protected":false},"excerpt":{"rendered":"<p>Os adjuntamos el acta de la Asamblea General Ordinaria y Extraordinaria que tuvo lugar en de C\u00f3rdoba los d\u00edas 16 y 17 de Noviembre para vuestro conocimiento y oportunos efectos bajo el V\u00baB\u00ba del Sr. Presidente de la Federaci\u00f3n,, por lo que debemos aplicarnos cuanto antes los acuerdos. En esta ocasi\u00f3n no habr\u00e1 marcha atr\u00e1s &hellip; <\/p>\n<p><a class=\"more-link btn\" href=\"https:\/\/www.asnia.es\/?p=3344\">Seguir leyendo<\/a><\/p>\n","protected":false},"author":1,"featured_media":0,"comment_status":"open","ping_status":"open","sticky":false,"template":"","format":"standard","meta":{"ngg_post_thumbnail":0,"footnotes":""},"categories":[1,15],"tags":[],"class_list":["post-3344","post","type-post","status-publish","format-standard","hentry","category-general","category-programa-2014","item-wrap"],"_links":{"self":[{"href":"https:\/\/www.asnia.es\/index.php?rest_route=\/wp\/v2\/posts\/3344","targetHints":{"allow":["GET"]}}],"collection":[{"href":"https:\/\/www.asnia.es\/index.php?rest_route=\/wp\/v2\/posts"}],"about":[{"href":"https:\/\/www.asnia.es\/index.php?rest_route=\/wp\/v2\/types\/post"}],"author":[{"embeddable":true,"href":"https:\/\/www.asnia.es\/index.php?rest_route=\/wp\/v2\/users\/1"}],"replies":[{"embeddable":true,"href":"https:\/\/www.asnia.es\/index.php?rest_route=%2Fwp%2Fv2%2Fcomments&post=3344"}],"version-history":[{"count":9,"href":"https:\/\/www.asnia.es\/index.php?rest_route=\/wp\/v2\/posts\/3344\/revisions"}],"predecessor-version":[{"id":5742,"href":"https:\/\/www.asnia.es\/index.php?rest_route=\/wp\/v2\/posts\/3344\/revisions\/5742"}],"wp:attachment":[{"href":"https:\/\/www.asnia.es\/index.php?rest_route=%2Fwp%2Fv2%2Fmedia&parent=3344"}],"wp:term":[{"taxonomy":"category","embeddable":true,"href":"https:\/\/www.asnia.es\/index.php?rest_route=%2Fwp%2Fv2%2Fcategories&post=3344"},{"taxonomy":"post_tag","embeddable":true,"href":"https:\/\/www.asnia.es\/index.php?rest_route=%2Fwp%2Fv2%2Ftags&post=3344"}],"curies":[{"name":"wp","href":"https:\/\/api.w.org\/{rel}","templated":true}]}}