{"id":3326,"date":"2013-12-06T21:26:32","date_gmt":"2013-12-06T20:26:32","guid":{"rendered":"http:\/\/www.asnia.es\/?p=3326"},"modified":"2017-04-06T05:51:44","modified_gmt":"2017-04-06T03:51:44","slug":"evaluacion-de-la-conferencia-en-schwerte-recordar-chernobil-el-fortalecimiento-de-la-sostenibilidad-en-europa","status":"publish","type":"post","link":"https:\/\/www.asnia.es\/?p=3326","title":{"rendered":"EVALUACI\u00d3N DE LA CONFERENCIA EN SCHWERTE \u00abRECORDAR CHERN\u00d3BIL &#8211; EL FORTALECIMIENTO DE LA SOSTENIBILIDAD EN EUROPA."},"content":{"rendered":"<p><a href=\"http:\/\/www.asnia.es\/wp-content\/uploads\/2013\/03\/LOGO-SEMANA-E.21.jpg\"><img loading=\"lazy\" decoding=\"async\" class=\"wp-image-2728 alignleft\" alt=\"LOGO-SEMANA-E.21\" src=\"http:\/\/www.asnia.es\/wp-content\/uploads\/2013\/03\/LOGO-SEMANA-E.21.jpg\" width=\"288\" height=\"85\" srcset=\"https:\/\/www.asnia.es\/wp-content\/uploads\/2013\/03\/LOGO-SEMANA-E.21.jpg 500w, https:\/\/www.asnia.es\/wp-content\/uploads\/2013\/03\/LOGO-SEMANA-E.21-300x89.jpg 300w\" sizes=\"auto, (max-width: 288px) 100vw, 288px\" \/><\/a><a href=\"http:\/\/www.asnia.es\/wp-content\/uploads\/2013\/12\/2ECN_logo-179x127.png\"><img loading=\"lazy\" decoding=\"async\" class=\"wp-image-3329 alignright\" alt=\"2ECN_logo-179x127\" src=\"http:\/\/www.asnia.es\/wp-content\/uploads\/2013\/12\/2ECN_logo-179x127.png\" width=\"157\" height=\"116\" \/><\/a><\/p>\n<p style=\"text-align: center;\"><span style=\"color: #000000;\"><em><strong>\u00a0<\/strong><\/em><\/span><\/p>\n<p style=\"text-align: center;\"><b><i>DELEGACI\u00d3N<\/i><\/b><strong><em>\u00a0ESPA\u00d1OLA FEDASIB &#8211; FEANSOL<\/em><\/strong><img loading=\"lazy\" decoding=\"async\" class=\"aligncenter  wp-image-3327\" alt=\"1486842_10202290734487978_671449390_n\" src=\"http:\/\/www.asnia.es\/wp-content\/uploads\/2013\/12\/1486842_10202290734487978_671449390_n.jpg\" width=\"461\" height=\"346\" srcset=\"https:\/\/www.asnia.es\/wp-content\/uploads\/2013\/12\/1486842_10202290734487978_671449390_n.jpg 960w, https:\/\/www.asnia.es\/wp-content\/uploads\/2013\/12\/1486842_10202290734487978_671449390_n-300x225.jpg 300w\" sizes=\"auto, (max-width: 461px) 100vw, 461px\" \/><\/p>\n<p><b>\u00abPLANIFICACI\u00d3N DE LA SEMANA DE ACCI\u00d3N 2014\u00bb<\/b><\/p>\n<p style=\"text-align: justify;\">Felicitaciones al equipo de IBB. Superado  <A href=\"http:\/\/jamesleonardrf.blogspot.com\" TITLE=\"jamesleonardrf.blogspot.com\" >el formato<\/A>  de 2012 . Reforzado y centralizado el programa de la conferencia hacia el fin que todos  <a style='text-decoration:none;color: inherit !important;' title='Tioclaswatbere' HREF='https:\/\/tioclaswatbere.wordpress.com' >los colectivos<\/a>  de acogida para programas de sanaci\u00f3n perseguimos: proyecci\u00f3n recursos econ\u00f3micos \u00a0y captaci\u00f3n de familias. Consolidaci\u00f3n de la ECN para reforzar la celebraci\u00f3n de la Semana de Acci\u00f3n 2014. Proyecci\u00f3n, divulgaci\u00f3n, auto financiaci\u00f3n y linea conjunta de proyectos. Implicaci\u00f3n de j\u00f3venes voluntarios para trabajar en la Semana de Acci\u00f3n en cada pa\u00eds. Intercambios .Extensi\u00f3n en la Red \u00a0de voluntariado en paralelo con la Red de la ECN. Coordinadores nacionales e internacionales. UN SOLO PROYECTO. UNA SOLA FUERZA. UNA MISMA CAUSA.<\/p>\n","protected":false},"excerpt":{"rendered":"<p>\u00a0 DELEGACI\u00d3N\u00a0ESPA\u00d1OLA FEDASIB &#8211; FEANSOL \u00abPLANIFICACI\u00d3N DE LA SEMANA DE ACCI\u00d3N 2014\u00bb Felicitaciones al equipo de IBB. Superado el formato de 2012 . Reforzado y centralizado el programa de la conferencia hacia el fin que todos los colectivos de acogida para programas de sanaci\u00f3n perseguimos: proyecci\u00f3n recursos econ\u00f3micos \u00a0y captaci\u00f3n de familias. Consolidaci\u00f3n de la &hellip; <\/p>\n<p><a class=\"more-link btn\" href=\"https:\/\/www.asnia.es\/?p=3326\">Seguir leyendo<\/a><\/p>\n","protected":false},"author":1,"featured_media":0,"comment_status":"open","ping_status":"open","sticky":false,"template":"","format":"standard","meta":{"ngg_post_thumbnail":0,"footnotes":""},"categories":[1,15],"tags":[],"class_list":["post-3326","post","type-post","status-publish","format-standard","hentry","category-general","category-programa-2014","item-wrap"],"_links":{"self":[{"href":"https:\/\/www.asnia.es\/index.php?rest_route=\/wp\/v2\/posts\/3326","targetHints":{"allow":["GET"]}}],"collection":[{"href":"https:\/\/www.asnia.es\/index.php?rest_route=\/wp\/v2\/posts"}],"about":[{"href":"https:\/\/www.asnia.es\/index.php?rest_route=\/wp\/v2\/types\/post"}],"author":[{"embeddable":true,"href":"https:\/\/www.asnia.es\/index.php?rest_route=\/wp\/v2\/users\/1"}],"replies":[{"embeddable":true,"href":"https:\/\/www.asnia.es\/index.php?rest_route=%2Fwp%2Fv2%2Fcomments&post=3326"}],"version-history":[{"count":5,"href":"https:\/\/www.asnia.es\/index.php?rest_route=\/wp\/v2\/posts\/3326\/revisions"}],"predecessor-version":[{"id":5735,"href":"https:\/\/www.asnia.es\/index.php?rest_route=\/wp\/v2\/posts\/3326\/revisions\/5735"}],"wp:attachment":[{"href":"https:\/\/www.asnia.es\/index.php?rest_route=%2Fwp%2Fv2%2Fmedia&parent=3326"}],"wp:term":[{"taxonomy":"category","embeddable":true,"href":"https:\/\/www.asnia.es\/index.php?rest_route=%2Fwp%2Fv2%2Fcategories&post=3326"},{"taxonomy":"post_tag","embeddable":true,"href":"https:\/\/www.asnia.es\/index.php?rest_route=%2Fwp%2Fv2%2Ftags&post=3326"}],"curies":[{"name":"wp","href":"https:\/\/api.w.org\/{rel}","templated":true}]}}